{"id":687,"date":"2016-07-22T09:30:28","date_gmt":"2016-07-22T07:30:28","guid":{"rendered":"http:\/\/frantiskanihc.sk\/klastor\/?p=687"},"modified":"2017-04-10T09:32:27","modified_gmt":"2017-04-10T07:32:27","slug":"sieversov-seminar","status":"publish","type":"post","link":"https:\/\/frantiskanihc.sk\/klastor\/aktualne\/2016\/sieversov-seminar\/","title":{"rendered":"Sieversov semin\u00e1r"},"content":{"rendered":"<div class=\"video-container\"><iframe src=\"http:\/\/www.youtube.com\/embed\/uQKJHmGBR5s\"><\/iframe><\/div>\n<p>Semin\u00e1r \u017divot v Duchu <i>(Sieversov semin\u00e1r)<\/i> je n\u00e1strojom, ktor\u00fd ma \u013eud\u00ed priv\u00e1dza\u0165 k hlb\u0161iemu kres\u0165ansk\u00e9mu \u017eivotu v sile Ducha Sv\u00e4t\u00e9ho. Ka\u017ed\u00fd kres\u0165an u\u017e prijal Ducha Sv\u00e4t\u00e9ho vo sviatosti krstu a birmovania. Skrze semin\u00e1r \u017eivot v Duchu maj\u00fa by\u0165 \u00fa\u010dastn\u00edci uschopnen\u00ed k tomu, aby svoj \u017eivot formovali nov\u00fdm sp\u00f4sobom \u2013 z Je\u017ei\u0161ovho Ducha a z Jeho sily.<\/p>\n<p>Ka\u017ed\u00fd \u00fa\u010dastn\u00edk tohto semin\u00e1ra m\u00f4\u017ee vo viere o\u010dak\u00e1va\u0165, v\u017edy in\u00fdm a ka\u017ed\u00e9mu primeran\u00fdm sp\u00f4sobom, z\u00e1\u017eitok nov\u00fdch osobn\u00fdch Tur\u00edc. Preto m\u00f4\u017ee o\u010dak\u00e1va\u0165 podobn\u00fd, \u017eivot premie\u0148aj\u00faci zvrat, ak\u00fd za\u017eili apo\u0161toli, zhroma\u017eden\u00ed v modlitbe s M\u00e1riou, pri vyliat\u00ed Ducha Sv\u00e4t\u00e9ho na Tur\u00edce.<\/p>\n<p>V\u010faka p\u00f4sobeniu milosti Bo\u017eej tento semin\u00e1r u\u017e premenil tis\u00edcky os\u00f4b. Boli tak uschopnen\u00e9 k nov\u00e9mu usporiadaniu vlastn\u00e9ho \u017eivota zo sily Je\u017ei\u0161ovho Ducha, ale tie\u017e k tomu, aby priv\u00e1dzali k plnosti \u017eivota v Kristovi druh\u00fdch \u013eud\u00ed.<\/p>\n<p>Ku ka\u017ed\u00e9mu t\u00fd\u017edenn\u00e9mu stretnutiu patr\u00ed: <\/p>\n<ul>\n<li>\u010das spolo\u010dnej modlitby<\/li>\n<li>katech\u00e9za (predn\u00e1\u0161ka)<\/li>\n<li>rozhovor v mal\u00fdch skupink\u00e1ch<\/li>\n<\/ul>\n<p>Okrem toho k cel\u00e9mu kurzu patr\u00ed i bohoslu\u017eba pok\u00e1nia (so sviatos\u0165ou zmierenia), modlitba za v\u00e4\u010d\u0161ie a hlb\u0161ie vzliatie Ducha Sv\u00e4t\u00e9ho a rozoslanie k slu\u017ebe formou bohoslu\u017eby.<\/p>\n<p><strong>Semin\u00e1r bude prebieha\u0165 od 28. septembra do 30. novembra 2016 (10 t\u00fd\u017ed\u0148ov), ka\u017ed\u00fa stredu od 18:00 \u2013 20:30 hod v pastora\u010dnom centre krTko.<\/strong><\/p>\n<p>Prihl\u00e1si\u0165 sa m\u00f4\u017eete mailom na sievershc2016@gmail.com<\/p>\n","protected":false},"excerpt":{"rendered":"<p>Semin\u00e1r \u017divot v Duchu (Sieversov semin\u00e1r) je n\u00e1strojom, ktor\u00fd ma \u013eud\u00ed priv\u00e1dza\u0165 k hlb\u0161iemu kres\u0165ansk\u00e9mu \u017eivotu v sile Ducha Sv\u00e4t\u00e9ho. Ka\u017ed\u00fd kres\u0165an u\u017e prijal Ducha Sv\u00e4t\u00e9ho vo sviatosti krstu a &#8230;<\/p>\n","protected":false},"author":5,"featured_media":1098,"comment_status":"closed","ping_status":"closed","sticky":false,"template":"","format":"video","meta":{"footnotes":""},"categories":[1],"tags":[],"class_list":["post-687","post","type-post","status-publish","format-video","has-post-thumbnail","hentry","category-aktualne","post_format-post-format-video"],"_links":{"self":[{"href":"https:\/\/frantiskanihc.sk\/klastor\/wp-json\/wp\/v2\/posts\/687","targetHints":{"allow":["GET"]}}],"collection":[{"href":"https:\/\/frantiskanihc.sk\/klastor\/wp-json\/wp\/v2\/posts"}],"about":[{"href":"https:\/\/frantiskanihc.sk\/klastor\/wp-json\/wp\/v2\/types\/post"}],"author":[{"embeddable":true,"href":"https:\/\/frantiskanihc.sk\/klastor\/wp-json\/wp\/v2\/users\/5"}],"replies":[{"embeddable":true,"href":"https:\/\/frantiskanihc.sk\/klastor\/wp-json\/wp\/v2\/comments?post=687"}],"version-history":[{"count":10,"href":"https:\/\/frantiskanihc.sk\/klastor\/wp-json\/wp\/v2\/posts\/687\/revisions"}],"predecessor-version":[{"id":1229,"href":"https:\/\/frantiskanihc.sk\/klastor\/wp-json\/wp\/v2\/posts\/687\/revisions\/1229"}],"wp:featuredmedia":[{"embeddable":true,"href":"https:\/\/frantiskanihc.sk\/klastor\/wp-json\/wp\/v2\/media\/1098"}],"wp:attachment":[{"href":"https:\/\/frantiskanihc.sk\/klastor\/wp-json\/wp\/v2\/media?parent=687"}],"wp:term":[{"taxonomy":"category","embeddable":true,"href":"https:\/\/frantiskanihc.sk\/klastor\/wp-json\/wp\/v2\/categories?post=687"},{"taxonomy":"post_tag","embeddable":true,"href":"https:\/\/frantiskanihc.sk\/klastor\/wp-json\/wp\/v2\/tags?post=687"}],"curies":[{"name":"wp","href":"https:\/\/api.w.org\/{rel}","templated":true}]}}