{"id":663,"date":"2014-01-05T14:45:36","date_gmt":"2014-01-05T12:45:36","guid":{"rendered":"http:\/\/frantiskanihc.sk\/klastor\/?p=663"},"modified":"2016-10-06T16:15:51","modified_gmt":"2016-10-06T14:15:51","slug":"vianocny-beneficny-koncert","status":"publish","type":"post","link":"https:\/\/frantiskanihc.sk\/klastor\/aktualne\/2014\/vianocny-beneficny-koncert\/","title":{"rendered":"Viano\u010dn\u00fd benefi\u010dn\u00fd koncert"},"content":{"rendered":"<p>D\u0148a 29.12.2013 sa uskuto\u010dnil viano\u010dn\u00fd benefi\u010dn\u00fd koncert na podporu chudobn\u00fdch a\u00a0n\u00fadznych \u013eud\u00ed. S\u00e1la franti\u0161k\u00e1nskeho kl\u00e1\u0161tora v\u00a0Hlohovci praskala vo svojich \u0161v\u00edkoch. Skuto\u010dn\u00fa viano\u010dn\u00fa n\u00e1ladu umoc\u0148ovali poetick\u00e9 slov\u00e1 recit\u00e1torov, hudobn\u00e9 vstupy mlad\u00fdch profesion\u00e1lnych hudobn\u00edkov a\u00a0spev p\u00e4tn\u00e1s\u0165-\u010dlenn\u00e9ho Zmie\u0161an\u00e9ho zboru pri Franti\u0161k\u00e1nskom kl\u00e1\u0161tore v\u00a0Hlohovci pod vynikaj\u00facim veden\u00edm Mgr. Michala Vavru.<\/p>\n<p>Ve\u013ek\u00fa z\u00e1sluhu na celej pr\u00edprave a\u00a0realiz\u00e1ci\u00ed koncertu m\u00e1 MUDr. M\u00e1ria Voz\u00e1rov\u00e1, ktor\u00e1 ako scen\u00e1ristka, dramaturgi\u010dka, re\u017eis\u00e9rka, moder\u00e1torka a\u00a0spev\u00e1\u010dka v\u00a0jednej osobe aj tentokr\u00e1t realiz\u00e1ciu koncertu brav\u00farne zvl\u00e1dla, \u010d\u00edm jej patr\u00ed nahlas vysloven\u00e9 po\u010fakovanie.<\/p>\n<p>Na koncerte sa z\u00fa\u010dastnil aj prim\u00e1tor mesta Peter Dvoran so svojou man\u017eelkou.<\/p>\n<p>Nech\u00fdbali \u00a0tie\u017e \u201edom\u00e1ci\u201c bratia franti\u0161k\u00e1ni s\u00a0otcom gvardi\u00e1nom p\u00e1trom Leopoldom Jablonsk\u00fdm, ktor\u00fdm patr\u00ed  aj v\u010faka za pomoc pri organizovan\u00ed koncertu.<\/p>\n<p>V\u00fd\u0165a\u017eok z\u00a0koncertu (vyzbieralo sa viac ako 600\u20ac) je ur\u010den\u00fd na konkr\u00e9tnu a adresn\u00fa pomoc pre \u013eud\u00ed v\u00a0hmotnej n\u00fadzi v\u00a0na\u0161om regi\u00f3ne.<\/p>\n<p><strong>Nech P\u00e1n Boh v\u0161etk\u00fdch odmen\u00ed za ich \u0161tedros\u0165 svoj\u00edm po\u017eehnan\u00edm.<\/strong><\/p>\n<p style=\"text-align: right;\"><a href=\"http:\/\/samaria.sk\/\" title=\"Samaria\" target=\"_blank\">oz Samaria<\/a><\/p>\n<p><a href=\"https:\/\/lh5.googleusercontent.com\/-x5NqULOGwCs\/UsQbFtsekLI\/AAAAAAAABV4\/oWvoCOQRm88\/s800\/PC299181_1.jpg\" rel=\"lightbox[1729]\" title=\"\" data-rel=\"rgg-gallery-4H8FYJOl\" data-rl_title=\"\" data-rl_caption=\"\"><img decoding=\"async\" src=\"https:\/\/lh5.googleusercontent.com\/-x5NqULOGwCs\/UsQbFtsekLI\/AAAAAAAABV4\/oWvoCOQRm88\/s94-c\/PC299181_1.jpg\" alt=\"\" class=\"galeria\" style=\"\"\/><\/a><a href=\"https:\/\/lh4.googleusercontent.com\/-k93LNPlUxV0\/UsQbFqU9kAI\/AAAAAAAABWE\/3UlucTjzqMc\/s800\/PC299184_1.jpg\" rel=\"lightbox[1729]\" title=\"\" data-rel=\"rgg-gallery-4H8FYJOl\" data-rl_title=\"\" data-rl_caption=\"\"><img decoding=\"async\" src=\"https:\/\/lh4.googleusercontent.com\/-k93LNPlUxV0\/UsQbFqU9kAI\/AAAAAAAABWE\/3UlucTjzqMc\/s94-c\/PC299184_1.jpg\" alt=\"\" class=\"galeria\" style=\"\"\/><\/a><a href=\"https:\/\/lh3.googleusercontent.com\/-nyoVlbvKQdo\/UsQbFhEYeNI\/AAAAAAAABV8\/NRKzn-3QXak\/s800\/PC299186_1.jpg\" rel=\"lightbox[1729]\" title=\"\" data-rel=\"rgg-gallery-4H8FYJOl\" data-rl_title=\"\" data-rl_caption=\"\"><img decoding=\"async\" src=\"https:\/\/lh3.googleusercontent.com\/-nyoVlbvKQdo\/UsQbFhEYeNI\/AAAAAAAABV8\/NRKzn-3QXak\/s94-c\/PC299186_1.jpg\" alt=\"\" class=\"galeria\" style=\"\"\/><\/a><a href=\"https:\/\/lh6.googleusercontent.com\/-bBeIwPdalI4\/UsQbHiBHm2I\/AAAAAAAABWY\/SulihVVjajo\/s800\/PC299194_1.jpg\" rel=\"lightbox[1729]\" title=\"\" data-rel=\"rgg-gallery-4H8FYJOl\" data-rl_title=\"\" data-rl_caption=\"\"><img decoding=\"async\" src=\"https:\/\/lh6.googleusercontent.com\/-bBeIwPdalI4\/UsQbHiBHm2I\/AAAAAAAABWY\/SulihVVjajo\/s94-c\/PC299194_1.jpg\" alt=\"\" class=\"galeria\" style=\"\"\/><\/a><a href=\"https:\/\/lh6.googleusercontent.com\/-9-wlgBV9Ax8\/UsQbIBDl5II\/AAAAAAAABWg\/d-nHVlk-d-c\/s800\/PC299196_1.jpg\" rel=\"lightbox[1729]\" title=\"\" data-rel=\"rgg-gallery-4H8FYJOl\" data-rl_title=\"\" data-rl_caption=\"\"><img decoding=\"async\" src=\"https:\/\/lh6.googleusercontent.com\/-9-wlgBV9Ax8\/UsQbIBDl5II\/AAAAAAAABWg\/d-nHVlk-d-c\/s94-c\/PC299196_1.jpg\" alt=\"\" class=\"galeria\" style=\"\"\/><\/a><a href=\"https:\/\/lh5.googleusercontent.com\/-VDUARSbBkUE\/UsQbJYWDb9I\/AAAAAAAABWw\/U_VvmlDrAOY\/s800\/PC299203_1.jpg\" rel=\"lightbox[1729]\" title=\"\" data-rel=\"rgg-gallery-4H8FYJOl\" data-rl_title=\"\" data-rl_caption=\"\"><img decoding=\"async\" src=\"https:\/\/lh5.googleusercontent.com\/-VDUARSbBkUE\/UsQbJYWDb9I\/AAAAAAAABWw\/U_VvmlDrAOY\/s94-c\/PC299203_1.jpg\" alt=\"\" class=\"galeria\" style=\"\"\/><\/a><\/p>\n","protected":false},"excerpt":{"rendered":"<p>D\u0148a 29.12.2013 sa uskuto\u010dnil viano\u010dn\u00fd benefi\u010dn\u00fd koncert na podporu chudobn\u00fdch a\u00a0n\u00fadznych \u013eud\u00ed. S\u00e1la franti\u0161k\u00e1nskeho kl\u00e1\u0161tora v\u00a0Hlohovci praskala vo svojich \u0161v\u00edkoch. Skuto\u010dn\u00fa viano\u010dn\u00fa n\u00e1ladu umoc\u0148ovali poetick\u00e9 slov\u00e1 recit\u00e1torov, hudobn\u00e9 vstupy mlad\u00fdch &#8230;<\/p>\n","protected":false},"author":5,"featured_media":664,"comment_status":"closed","ping_status":"closed","sticky":false,"template":"","format":"standard","meta":{"footnotes":""},"categories":[1],"tags":[],"class_list":["post-663","post","type-post","status-publish","format-standard","has-post-thumbnail","hentry","category-aktualne"],"_links":{"self":[{"href":"https:\/\/frantiskanihc.sk\/klastor\/wp-json\/wp\/v2\/posts\/663","targetHints":{"allow":["GET"]}}],"collection":[{"href":"https:\/\/frantiskanihc.sk\/klastor\/wp-json\/wp\/v2\/posts"}],"about":[{"href":"https:\/\/frantiskanihc.sk\/klastor\/wp-json\/wp\/v2\/types\/post"}],"author":[{"embeddable":true,"href":"https:\/\/frantiskanihc.sk\/klastor\/wp-json\/wp\/v2\/users\/5"}],"replies":[{"embeddable":true,"href":"https:\/\/frantiskanihc.sk\/klastor\/wp-json\/wp\/v2\/comments?post=663"}],"version-history":[{"count":1,"href":"https:\/\/frantiskanihc.sk\/klastor\/wp-json\/wp\/v2\/posts\/663\/revisions"}],"predecessor-version":[{"id":665,"href":"https:\/\/frantiskanihc.sk\/klastor\/wp-json\/wp\/v2\/posts\/663\/revisions\/665"}],"wp:featuredmedia":[{"embeddable":true,"href":"https:\/\/frantiskanihc.sk\/klastor\/wp-json\/wp\/v2\/media\/664"}],"wp:attachment":[{"href":"https:\/\/frantiskanihc.sk\/klastor\/wp-json\/wp\/v2\/media?parent=663"}],"wp:term":[{"taxonomy":"category","embeddable":true,"href":"https:\/\/frantiskanihc.sk\/klastor\/wp-json\/wp\/v2\/categories?post=663"},{"taxonomy":"post_tag","embeddable":true,"href":"https:\/\/frantiskanihc.sk\/klastor\/wp-json\/wp\/v2\/tags?post=663"}],"curies":[{"name":"wp","href":"https:\/\/api.w.org\/{rel}","templated":true}]}}