{"id":467,"date":"2013-08-02T14:06:19","date_gmt":"2013-08-02T12:06:19","guid":{"rendered":"http:\/\/frantiskanihc.sk\/klastor\/?p=467"},"modified":"2016-10-07T20:54:57","modified_gmt":"2016-10-07T18:54:57","slug":"conventus-galgociensis","status":"publish","type":"post","link":"https:\/\/frantiskanihc.sk\/klastor\/aktualne\/2013\/conventus-galgociensis\/","title":{"rendered":"Conventus Galgociensis"},"content":{"rendered":"<div class=\"video-container\"><iframe src=\"http:\/\/player.vimeo.com\/video\/72028305\" frameborder=\"0\" webkitAllowFullScreen mozallowfullscreen allowFullScreen><\/iframe><\/div>\n<p><a href=\"http:\/\/frantiskanihc.sk\/klastor\/wp-content\/uploads\/2013\/08\/monografia-klastora.jpg\" data-rel=\"rgg-gallery-NaRl12g6\" data-rl_title=\"\" data-rl_caption=\"\" title=\"\"><img loading=\"lazy\" decoding=\"async\" src=\"http:\/\/frantiskanihc.sk\/klastor\/wp-content\/uploads\/2013\/08\/monografia-klastora-213x300.jpg\" alt=\"Conventus Galgociensis\" width=\"213\" height=\"300\" class=\"alignleft size-medium wp-image-472\" srcset=\"https:\/\/frantiskanihc.sk\/klastor\/wp-content\/uploads\/2013\/08\/monografia-klastora-213x300.jpg 213w, https:\/\/frantiskanihc.sk\/klastor\/wp-content\/uploads\/2013\/08\/monografia-klastora.jpg 587w\" sizes=\"auto, (max-width: 213px) 100vw, 213px\" \/><\/a>Svetlo sveta uzrela \u010fal\u0161ia kniha spojen\u00e1 so \u017eivotom n\u00e1\u0161ho mesta. Monografiu Franti\u0161k\u00e1nskeho kl\u00e1\u0161tora v&nbsp;Hlohovci pod n\u00e1zvom Conventus Galgociensis zostavil Jozef Urminsk\u00fd a\u00a0vydalo Vlastivedn\u00e9 m\u00fazeum v&nbsp;spolupr\u00e1ci s\u00a0Franti\u0161k\u00e1nskym kl\u00e1\u0161torom v\u00a0Hlohovci.<\/p>\n<p>Z publik\u00e1cie sa dozviete cenn\u00e9 inform\u00e1cie z dej\u00edn Rehole men\u0161\u00edch bratov Franti\u0161k\u00e1nov v&nbsp;Hlohovci. Iste v\u00e1m po jej pre\u010d\u00edtan\u00ed vyvstane pred o\u010dami obraz, ktor\u00ed v\u00e1m zhruba na\u010drtne kto boli franti\u0161k\u00e1ni a \u010d\u00edm prispeli v&nbsp;budovan\u00ed kres\u0165anskej viery a kult\u00fary v&nbsp;na\u0161om meste. Postaven\u00ed na toto dejinn\u00e9 portf\u00f3lio, z ktor\u00e9ho vyrast\u00e1 na\u0161a franti\u0161k\u00e1nska trad\u00edcia sa v\u0161ak pozer\u00e1me dopredu a h\u013ead\u00e1me, iste nie bez omylov, aktualiz\u00e1ciu franti\u0161k\u00e1nskej duchovnosti v&nbsp;priestore pluralitnej spolo\u010dnosti 21. storo\u010dia. Vzh\u013eadom na to, \u017ee sme neboli nikdy zalo\u017een\u00ed ako mn\u00ed\u0161sky r\u00e1d, ale sk\u00f4r ako putuj\u00face spolo\u010denstvo evanjeliz\u00e1torov, ako to pripom\u00edna ofici\u00e1lny dokument poslednej gener\u00e1lnej kapituly franti\u0161k\u00e1nov, na\u0161e miesto nie je za m\u00farmi kl\u00e1\u0161tora, ale uprostred \u013eud\u00ed. \u201eVa\u0161im kl\u00e1\u0161torom je svet\u201c, opakoval sv. Franti\u0161ek z&nbsp;Assisi viac kr\u00e1t svojim nasledovn\u00edkom. Na\u010d\u00favaj\u00fac ich radostiam, ale aj bolestiam sa sna\u017e\u00edme \u010d\u00edta\u0165 znamenia \u010dias, aby sme adresne a aktu\u00e1lne odpovedali na Bo\u017eie podnety, ktor\u00e9 ako ver\u00edme, sa prejavuj\u00fa aj cez udalosti a okolnosti \u017eivota. Franti\u0161k\u00e1nsky r\u00e1d opl\u00fdva dnes ako aj v&nbsp;minulosti \u00fa\u017easnou pluraformitou. Medzi bratmi rehole s\u00fa dnes kardin\u00e1li, biskupi, profesori na univerzit\u00e1ch, mision\u00e1ri v&nbsp;tre\u0165om svete, bratia pracuj\u00faci na poli soci\u00e1lnom a kult\u00farnom, v&nbsp;be\u017enej pastor\u00e1cii ako aj novej evanjeliz\u00e1cii star\u00e9ho kontinentu. Bl. J\u00e1n Pavol II. v&nbsp;roku 1982 franti\u0161k\u00e1nom odk\u00e1zal: \u201eVy, ktor\u00ed ste bratmi \u013eudu, cho\u010fte do srdca m\u00e1s, cho\u010fte v&nbsp;\u00fastrety mu\u017eom a \u017een\u00e1m dne\u0161nej doby.\u201c Oproti in\u0161titucion\u00e1lnej a&nbsp;\u00faradn\u00edckej tv\u00e1ri Cirkvi, katolicita vyrazen\u00e1 na franti\u0161k\u00e1nskej minci pon\u00faka dnes svetu obraz rodinnej spirituality spolo\u010denstva. Aj dnes sa mus\u00edme p\u00fdta\u0165 po nov\u00fdch cest\u00e1ch ako prinies\u0165, pon\u00faknu\u0165 stretnutie s Bohom dospelej ob\u010dianskej spolo\u010dnosti silne pluralitn\u00e9ho typu. Je to v\u00fdzva, je to z\u00e1rove\u0148 aj dobrodru\u017estvo s Bohom a \u010dlovekom dne\u0161ka. Na to n\u00e1m sv. Franti\u0161ek pon\u00faka overen\u00fd recept. Nevytes\u0148ova\u0165 sa v&nbsp;akejsi integristickej kontrakult\u00fare vo\u010di \u201ezl\u00e9mu svetu\u201c, ako to \u017eia\u013e z prostredia slovensk\u00e9ho katolicizmu mo\u017eno v&nbsp;ist\u00fdch pr\u00edpadoch z boles\u0165ou vn\u00edma\u0165, ale pozera\u0165 na svet a \u013eud\u00ed pozit\u00edvne, preto\u017ee vy\u0161iel z Bo\u017e\u00edch r\u00fak a pom\u00f4c\u0165 \u013eu\u010fom objavova\u0165 to dobro, ktor\u00e9 Stvorite\u013e do ka\u017ed\u00e9ho zasial.<\/p>\n<p>Knihu si m\u00f4\u017eete zak\u00fapi\u0165 v sakristii kostola alebo vo vlastivednom m\u00fazeu.<br \/>Cena knihy je 7 eur.<\/p>\n<p><small>Report\u00e1\u017e HcTv<\/small><\/p>\n","protected":false},"excerpt":{"rendered":"<p>Svetlo sveta uzrela \u010fal\u0161ia kniha spojen\u00e1 so \u017eivotom n\u00e1\u0161ho mesta. Monografiu Franti\u0161k\u00e1nskeho kl\u00e1\u0161tora v&nbsp;Hlohovci pod n\u00e1zvom Conventus Galgociensis zostavil Jozef Urminsk\u00fd a\u00a0vydalo Vlastivedn\u00e9 m\u00fazeum v&nbsp;spolupr\u00e1ci s\u00a0Franti\u0161k\u00e1nskym kl\u00e1\u0161torom v\u00a0Hlohovci. Z publik\u00e1cie &#8230;<\/p>\n","protected":false},"author":5,"featured_media":0,"comment_status":"closed","ping_status":"closed","sticky":false,"template":"","format":"video","meta":{"footnotes":""},"categories":[1],"tags":[],"class_list":["post-467","post","type-post","status-publish","format-video","hentry","category-aktualne","post_format-post-format-video"],"_links":{"self":[{"href":"https:\/\/frantiskanihc.sk\/klastor\/wp-json\/wp\/v2\/posts\/467","targetHints":{"allow":["GET"]}}],"collection":[{"href":"https:\/\/frantiskanihc.sk\/klastor\/wp-json\/wp\/v2\/posts"}],"about":[{"href":"https:\/\/frantiskanihc.sk\/klastor\/wp-json\/wp\/v2\/types\/post"}],"author":[{"embeddable":true,"href":"https:\/\/frantiskanihc.sk\/klastor\/wp-json\/wp\/v2\/users\/5"}],"replies":[{"embeddable":true,"href":"https:\/\/frantiskanihc.sk\/klastor\/wp-json\/wp\/v2\/comments?post=467"}],"version-history":[{"count":22,"href":"https:\/\/frantiskanihc.sk\/klastor\/wp-json\/wp\/v2\/posts\/467\/revisions"}],"predecessor-version":[{"id":1232,"href":"https:\/\/frantiskanihc.sk\/klastor\/wp-json\/wp\/v2\/posts\/467\/revisions\/1232"}],"wp:attachment":[{"href":"https:\/\/frantiskanihc.sk\/klastor\/wp-json\/wp\/v2\/media?parent=467"}],"wp:term":[{"taxonomy":"category","embeddable":true,"href":"https:\/\/frantiskanihc.sk\/klastor\/wp-json\/wp\/v2\/categories?post=467"},{"taxonomy":"post_tag","embeddable":true,"href":"https:\/\/frantiskanihc.sk\/klastor\/wp-json\/wp\/v2\/tags?post=467"}],"curies":[{"name":"wp","href":"https:\/\/api.w.org\/{rel}","templated":true}]}}