{"id":2434,"date":"2022-10-30T20:16:50","date_gmt":"2022-10-30T18:16:50","guid":{"rendered":"https:\/\/frantiskanihc.sk\/klastor\/?p=2434"},"modified":"2022-10-30T20:17:24","modified_gmt":"2022-10-30T18:17:24","slug":"sviecka-za-nenarodene-deti-rozsvietme-slovensko","status":"publish","type":"post","link":"https:\/\/frantiskanihc.sk\/klastor\/aktualne\/2022\/sviecka-za-nenarodene-deti-rozsvietme-slovensko\/","title":{"rendered":"Svie\u010dka za nenaroden\u00e9 deti: Rozsvie\u0165me Slovensko!"},"content":{"rendered":"<p>F\u00f3rum \u017eivota po roku organizuje Svie\u010dku za nenaroden\u00e9 deti s mottom: Rozsvie\u0165me Slovensko! Tento ro\u010dn\u00edk je u\u017e 20. v porad\u00ed! Poz\u00fdvame v\u00e1s v \u010dase okolo 2. novembra na zap\u00e1lenie svie\u010dky za nenaroden\u00e9 deti v okn\u00e1ch domov, na cintor\u00ednoch alebo pri pam\u00e4tn\u00edkoch nenaroden\u00fdm de\u0165om a k modlitbe. Svie\u010dku si m\u00f4\u017eete zak\u00fapi\u0165 pred kostolom alebo v zadnej \u010dasti kostola. Cena malej plastovej je 1 euro a sklenenej vo\u0148avej je 5 eur. Aj tento kr\u00e1t je mo\u017en\u00e9 svie\u010dku zap\u00e1li\u0165 online na str\u00e1nke <a href=\"https:\/\/sviecka.forumzivota.sk\" rel=\"noopener\" target=\"_blank\">www.sviecka.forumzivota.sk<\/a>. K\u00fapou svie\u010dky podpor\u00edte \u010dinnos\u0165 a projekty F\u00f3ra \u017eivota. Viac inform\u00e1ci\u00ed n\u00e1jdete na spom\u00ednanej str\u00e1nke <a href=\"https:\/\/sviecka.forumzivota.sk\" rel=\"noopener\" target=\"_blank\">www.sviecka.forumzivota.sk<\/a>.<\/p>\n<p>F\u00f3rum \u017eivota vyslovuje \u00faprimn\u00e9 P\u00e1n Boh zapla\u0165 v\u0161etk\u00fdm podporovate\u013eom. V\u010faka v\u00e1m budeme m\u00f4c\u0165 na\u010falej sp\u00e1ja\u0165 t\u00fdch, ktor\u00ed chc\u00fa, s t\u00fdmi, \u010do vedia, pre t\u00fdch, ktor\u00ed to potrebuj\u00fa. <\/p>\n","protected":false},"excerpt":{"rendered":"<p>F\u00f3rum \u017eivota po roku organizuje Svie\u010dku za nenaroden\u00e9 deti s mottom: Rozsvie\u0165me Slovensko! Tento ro\u010dn\u00edk je u\u017e 20. v porad\u00ed! Poz\u00fdvame v\u00e1s v \u010dase okolo 2. novembra na zap\u00e1lenie svie\u010dky &#8230;<\/p>\n","protected":false},"author":5,"featured_media":2435,"comment_status":"closed","ping_status":"closed","sticky":false,"template":"","format":"standard","meta":{"footnotes":""},"categories":[1],"tags":[],"class_list":["post-2434","post","type-post","status-publish","format-standard","has-post-thumbnail","hentry","category-aktualne"],"_links":{"self":[{"href":"https:\/\/frantiskanihc.sk\/klastor\/wp-json\/wp\/v2\/posts\/2434","targetHints":{"allow":["GET"]}}],"collection":[{"href":"https:\/\/frantiskanihc.sk\/klastor\/wp-json\/wp\/v2\/posts"}],"about":[{"href":"https:\/\/frantiskanihc.sk\/klastor\/wp-json\/wp\/v2\/types\/post"}],"author":[{"embeddable":true,"href":"https:\/\/frantiskanihc.sk\/klastor\/wp-json\/wp\/v2\/users\/5"}],"replies":[{"embeddable":true,"href":"https:\/\/frantiskanihc.sk\/klastor\/wp-json\/wp\/v2\/comments?post=2434"}],"version-history":[{"count":2,"href":"https:\/\/frantiskanihc.sk\/klastor\/wp-json\/wp\/v2\/posts\/2434\/revisions"}],"predecessor-version":[{"id":2437,"href":"https:\/\/frantiskanihc.sk\/klastor\/wp-json\/wp\/v2\/posts\/2434\/revisions\/2437"}],"wp:featuredmedia":[{"embeddable":true,"href":"https:\/\/frantiskanihc.sk\/klastor\/wp-json\/wp\/v2\/media\/2435"}],"wp:attachment":[{"href":"https:\/\/frantiskanihc.sk\/klastor\/wp-json\/wp\/v2\/media?parent=2434"}],"wp:term":[{"taxonomy":"category","embeddable":true,"href":"https:\/\/frantiskanihc.sk\/klastor\/wp-json\/wp\/v2\/categories?post=2434"},{"taxonomy":"post_tag","embeddable":true,"href":"https:\/\/frantiskanihc.sk\/klastor\/wp-json\/wp\/v2\/tags?post=2434"}],"curies":[{"name":"wp","href":"https:\/\/api.w.org\/{rel}","templated":true}]}}