{"id":2161,"date":"2021-08-23T20:18:23","date_gmt":"2021-08-23T18:18:23","guid":{"rendered":"https:\/\/frantiskanihc.sk\/klastor\/?p=2161"},"modified":"2021-08-23T20:18:58","modified_gmt":"2021-08-23T18:18:58","slug":"info-o-registracii-na-podujatia-s-papezom-frantiskom","status":"publish","type":"post","link":"https:\/\/frantiskanihc.sk\/klastor\/aktualne\/2021\/info-o-registracii-na-podujatia-s-papezom-frantiskom\/","title":{"rendered":"Info o registr\u00e1cii na podujatia s p\u00e1pe\u017eom Franti\u0161kom"},"content":{"rendered":"<p>Drah\u00ed bratia a\u00a0sestry,<\/p>\n<p>13. augusta bola spusten\u00e1 registr\u00e1cia na podujatia s\u00a0p\u00e1pe\u017eom po\u010das jeho n\u00e1v\u0161tevy na Slovensku: <a href=\"https:\/\/registracia.navstevapapeza.sk\/sk\/\" rel=\"noopener\" target=\"_blank\">registracia.navstevapapeza.sk\/sk\/<\/a><\/p>\n<p>Povzbudzujeme V\u00e1s, aby sa na podujatiach hojne z\u00fa\u010dastnili. Prip\u00e1jame nieko\u013eko praktick\u00fdch inform\u00e1ci\u00ed oh\u013eadne registr\u00e1cie.<\/p>\n<p>Registrova\u0165 sa d\u00e1 na \u0161tyri konkr\u00e9tne podujatia \u2013 na bo\u017esk\u00fa liturgiu do Pre\u0161ova, na ko\u0161ick\u00e9 s\u00eddlisko Lun\u00edk IX., na \u0161tadi\u00f3n Lokomot\u00edva Ko\u0161ice a do \u0160a\u0161t\u00edna.<br \/>\nPod\u013ea po\u017eiadavky \u0161t\u00e1tu podmienkou\u00a0\u00fa\u010dasti na podujatiach je <strong>pln\u00e1 zao\u010dkovanos\u0165<\/strong>. Podmienku zao\u010dkovanosti skontroluje N\u00e1rodn\u00e9 centrum zdravotn\u00edckych inform\u00e1ci\u00ed cez rodn\u00e9 \u010d\u00edslo, ktor\u00e9 treba zada\u0165 do formul\u00e1ra.<br \/>\nPo registr\u00e1cii a overen\u00ed zao\u010dkovanosti dostane \u00fa\u010dastn\u00edk mailom <strong>vstupenku s QR k\u00f3dom<\/strong>, ktor\u00fa si vytla\u010d\u00ed a prinesie na podujatie. Pri vstupe sa bude treba preuk\u00e1za\u0165 aj <strong>osobn\u00fdm dokladom<\/strong> na skontrolovanie identity. QR k\u00f3d z\u00e1rove\u0148 umo\u017en\u00ed trasovanie v pr\u00edpade, ak by sa medzi \u00fa\u010dastn\u00edkmi objavila infek\u010dn\u00e1 osoba. Na vstupenke bud\u00fa aj \u010fal\u0161ie inform\u00e1cie k miestu podujatia. QR k\u00f3d na vstupenke nie je toto\u017en\u00fd s k\u00f3dom na covid passe.<\/p>\n<p><strong>Deti do 12 rokov<\/strong> musia zaregistrova\u0165 rodi\u010dia alebo in\u00ed dospel\u00ed. Na podujatiach s p\u00e1pe\u017eom bud\u00fa rodiny s de\u0165mi vo vyhraden\u00fdch sektoroch. Nezao\u010dkovan\u00e9 deti star\u0161ie ako 12 rokov nemaj\u00fa mo\u017enos\u0165 \u00eds\u0165 na podujatia. <strong>Zahrani\u010dn\u00ed n\u00e1v\u0161tevn\u00edci<\/strong> musia do registra\u010dn\u00e9ho formul\u00e1ra\u00a0na\u010d\u00edta\u0165 svoj covid pass.  Pr\u00edpady <strong>\u013eud\u00ed, ktor\u00ed nem\u00f4\u017eu by\u0165 zao\u010dkovan\u00ed<\/strong> napr\u00edklad zo zdravotn\u00fdch d\u00f4vodov, bud\u00fa rie\u0161i\u0165 individu\u00e1lne cez call centrum.<\/p>\n<p>Ak chce niekto prihl\u00e1si\u0165 <strong>skupinu<\/strong>, v\u0161etky \u00fadaje musia pri registr\u00e1cii prin\u00e1le\u017ea\u0165 konkr\u00e9tnej osobe, mailov\u00fd kontakt v\u0161ak m\u00f4\u017ee uvies\u0165 jeden.<\/p>\n<p>Jeden \u00fa\u010dastn\u00edk m\u00f4\u017ee by\u0165 pr\u00edtomn\u00fd i na viacer\u00fdch podujatiach, na ka\u017ed\u00e9 jedno je v\u0161ak potrebn\u00e1 <strong>osobitn\u00e1 registr\u00e1cia<\/strong>.<\/p>\n<p>Organiz\u00e1tori st\u00e1le h\u013eadaj\u00fa <strong>dobrovo\u013en\u00edkov<\/strong>, na zvl\u00e1dnutie n\u00e1v\u0161tevy ich bude treba dohromady asi tritis\u00edc. Povzbu\u010fte pros\u00edme svojich farn\u00edkov, ktor\u00ed by boli na to vhodn\u00ed, aby sa na t\u00fato slu\u017ebu podujali.<br \/>\n<strong><br \/>\nOsobitn\u00e9 skupiny ako s\u00fa <\/strong>k\u0148azi, zasv\u00e4ten\u00e9 osoby, VIP &#8211; ich samostatn\u00e1 registr\u00e1cia, vzh\u013eadom na osobitn\u00fa funkciu, \u010di slu\u017ebu na podujatiach, bude spusten\u00e1 nesk\u00f4r.<br \/>\n\u010co sa t\u00fdka registr\u00e1cie na stretnutie p\u00e1pe\u017ea z\u00a0biskupmi, k\u0148azmi, zasv\u00e4ten\u00fdmi osobami, seminaristami a\u00a0katech\u00e9tmi v\u00a0katedr\u00e1le sv. Martina v\u00a0Bratislave 13. septembra, pre obmedzen\u00fd po\u010det miest v katedr\u00e1le ka\u017ed\u00e1 diec\u00e9za dostala obmedzen\u00fd po\u010det vstupov. Na\u0161a arcidiec\u00e9za dostala ve\u013emi m\u00e1lo vstupeniek, z ktor\u00fdch takmer polovicu bolo treba vyhradi\u0165 pre seminaristov a\u00a0katech\u00e9tov. Zvy\u0161n\u00e9 miesta pre k\u0148azov boli u\u017e rozdelen\u00e9 arcibiskupsk\u00fdm \u00faradom.<\/p>\n<p><em>Konkr\u00e9tne ot\u00e1zky mo\u017eno adresova\u0165 na zverejnen\u00e9 linky pre konkr\u00e9tne podujatia:<\/em><br \/>\n<a href=\"https:\/\/www.navstevapapeza.sk\/sk\" rel=\"noopener\" target=\"_blank\">navstevapapeza.sk\/sk<\/a><\/p>\n<p><em>M\u00f4\u017eete sa obr\u00e1ti\u0165 aj na koordin\u00e1tora prihlasovania na jednotliv\u00e9 podujatia p\u00e1pe\u017eskej n\u00e1v\u0161tevy za na\u0161u arcidiec\u00e9zu, vdp. Ondreja Chrvalu: 0904 738\u00a0602, chrvala@rcc.sk.<\/em><\/p>\n","protected":false},"excerpt":{"rendered":"<p>Drah\u00ed bratia a\u00a0sestry, 13. augusta bola spusten\u00e1 registr\u00e1cia na podujatia s\u00a0p\u00e1pe\u017eom po\u010das jeho n\u00e1v\u0161tevy na Slovensku: registracia.navstevapapeza.sk\/sk\/ Povzbudzujeme V\u00e1s, aby sa na podujatiach hojne z\u00fa\u010dastnili. Prip\u00e1jame nieko\u013eko praktick\u00fdch inform\u00e1ci\u00ed oh\u013eadne &#8230;<\/p>\n","protected":false},"author":5,"featured_media":2162,"comment_status":"closed","ping_status":"closed","sticky":false,"template":"","format":"standard","meta":{"footnotes":""},"categories":[1],"tags":[],"class_list":["post-2161","post","type-post","status-publish","format-standard","has-post-thumbnail","hentry","category-aktualne"],"_links":{"self":[{"href":"https:\/\/frantiskanihc.sk\/klastor\/wp-json\/wp\/v2\/posts\/2161","targetHints":{"allow":["GET"]}}],"collection":[{"href":"https:\/\/frantiskanihc.sk\/klastor\/wp-json\/wp\/v2\/posts"}],"about":[{"href":"https:\/\/frantiskanihc.sk\/klastor\/wp-json\/wp\/v2\/types\/post"}],"author":[{"embeddable":true,"href":"https:\/\/frantiskanihc.sk\/klastor\/wp-json\/wp\/v2\/users\/5"}],"replies":[{"embeddable":true,"href":"https:\/\/frantiskanihc.sk\/klastor\/wp-json\/wp\/v2\/comments?post=2161"}],"version-history":[{"count":2,"href":"https:\/\/frantiskanihc.sk\/klastor\/wp-json\/wp\/v2\/posts\/2161\/revisions"}],"predecessor-version":[{"id":2164,"href":"https:\/\/frantiskanihc.sk\/klastor\/wp-json\/wp\/v2\/posts\/2161\/revisions\/2164"}],"wp:featuredmedia":[{"embeddable":true,"href":"https:\/\/frantiskanihc.sk\/klastor\/wp-json\/wp\/v2\/media\/2162"}],"wp:attachment":[{"href":"https:\/\/frantiskanihc.sk\/klastor\/wp-json\/wp\/v2\/media?parent=2161"}],"wp:term":[{"taxonomy":"category","embeddable":true,"href":"https:\/\/frantiskanihc.sk\/klastor\/wp-json\/wp\/v2\/categories?post=2161"},{"taxonomy":"post_tag","embeddable":true,"href":"https:\/\/frantiskanihc.sk\/klastor\/wp-json\/wp\/v2\/tags?post=2161"}],"curies":[{"name":"wp","href":"https:\/\/api.w.org\/{rel}","templated":true}]}}