{"id":2002,"date":"2020-03-08T23:27:27","date_gmt":"2020-03-08T21:27:27","guid":{"rendered":"https:\/\/frantiskanihc.sk\/klastor\/?p=2002"},"modified":"2020-04-07T20:39:31","modified_gmt":"2020-04-07T18:39:31","slug":"odporucania-predsedu-kbs-v-suvislosti-s-prevenciou-sirenia-koronavirusu","status":"publish","type":"post","link":"https:\/\/frantiskanihc.sk\/klastor\/aktualne\/2020\/odporucania-predsedu-kbs-v-suvislosti-s-prevenciou-sirenia-koronavirusu\/","title":{"rendered":"Odpor\u00fa\u010dania predsedu KBS v s\u00favislosti s prevenciou \u0161\u00edrenia koronav\u00edrusu"},"content":{"rendered":"<p><a href=\"https:\/\/frantiskanihc.sk\/klastor\/wp-content\/uploads\/2020\/03\/koronavirus.jpg\" data-rel=\"rgg-gallery-vC8ptuei\" data-rl_title=\"\" data-rl_caption=\"\" title=\"\"><img loading=\"lazy\" decoding=\"async\" width=\"1080\" height=\"1080\" src=\"https:\/\/frantiskanihc.sk\/klastor\/wp-content\/uploads\/2020\/03\/koronavirus.jpg\" alt=\"\" class=\"aligncenter size-full wp-image-2003\" srcset=\"https:\/\/frantiskanihc.sk\/klastor\/wp-content\/uploads\/2020\/03\/koronavirus.jpg 1080w, https:\/\/frantiskanihc.sk\/klastor\/wp-content\/uploads\/2020\/03\/koronavirus-300x300.jpg 300w, https:\/\/frantiskanihc.sk\/klastor\/wp-content\/uploads\/2020\/03\/koronavirus-768x768.jpg 768w\" sizes=\"auto, (max-width: 1080px) 100vw, 1080px\" \/><\/a><\/p>\n<p>Na Slovensku potvrdili prv\u00fd pr\u00edpad n\u00e1kazy koronav\u00edrusom. Bratislavsk\u00fd arcibiskup metropolita Mons. Stanislav Zvolensk\u00fd, predseda KBS, v tejto s\u00favislosti vydal nieko\u013eko odpor\u00fa\u010dan\u00ed pre katol\u00edckych k\u0148azov a veriacich.<br \/>\nPrin\u00e1\u0161ame v\u00e1m ich v plnom znen\u00ed.<\/p>\n<p>V s\u00favislosti so \u0161\u00edren\u00edm v\u00edrusu COVID-19 Konferencia biskupov Slovenska odpor\u00fa\u010da v\u0161etk\u00fdm katol\u00edckym in\u0161tit\u00faci\u00e1m pravidelne sledova\u0165 a dodr\u017eiava\u0165 pokyny \u00daradu verejn\u00e9ho zdravotn\u00edctva a z\u00e1rove\u0148 zodpovedne spolupracova\u0165 s pr\u00edslu\u0161n\u00fdmi predstavite\u013emi verejnej spr\u00e1vy.<br \/>\nOchrana zdravia je kres\u0165anskou povinnos\u0165ou. K\u00fdm trv\u00e1 nebezpe\u010denstvo n\u00e1kazy, neodpor\u00fa\u010dame organizova\u0165 p\u00fatnick\u00e9 z\u00e1jazdy na Slovensku, ani do zahrani\u010dia. Spolo\u010dn\u00e9 podujatia okrem liturgick\u00fdch sl\u00e1ven\u00ed treba obmedzi\u0165.<\/p>\n<p>Veriacich, ktor\u00ed sa nec\u00edtia dobre, maj\u00fa zv\u00fd\u0161en\u00fa teplotu alebo pr\u00edznaky ochorenia, pros\u00edme, aby zostali doma, k\u00fdm sa ich stav nezlep\u0161\u00ed. Chor\u00ed nie s\u00fa viazan\u00ed \u00fa\u010das\u0165ou na nede\u013en\u00fdch bohoslu\u017eb\u00e1ch: naopak, maj\u00fa zodpovednos\u0165 vo\u010di ostatn\u00fdm, aby sa choroba neroz\u0161irovala.<\/p>\n<p>K\u0148azi nech vo zv\u00fd\u0161enej miere dodr\u017eiavaj\u00fa hygienu, starostlivo si pred bohoslu\u017ebami um\u00fdvaj\u00fa ruky a pou\u017e\u00edvaj\u00fa dezinfek\u010dn\u00e9 prostriedky. V chr\u00e1moch odpor\u00fa\u010dame do\u010dasne nepou\u017e\u00edva\u0165 sv\u00e4teni\u010dky a z lav\u00edc odlo\u017ei\u0165 spolo\u010dn\u00e9 predmety &#8211; kni\u017eky, ru\u017eence, at\u010f. Ko\u0161\u00edky pre milodary nech sa nepod\u00e1vaj\u00fa z r\u00fak do r\u00fak.<\/p>\n<p>Znak pokoja v liturgii mo\u017eno zatia\u013e vynecha\u0165 alebo odporu\u010di\u0165 iba vz\u00e1jomn\u00fd \u00faklon hlavy, namiesto pod\u00e1vania r\u00fak.<\/p>\n<p>Na vysluhovanie sviatosti zmierenia sa odpor\u00fa\u010da pou\u017ei\u0165 spovednice s mrie\u017ekou, ktor\u00fa treba opatri\u0165 priesvitnou z\u00e1branou. Vyhn\u00fa\u0165 sa treba aj preplneniu<br \/>\nchr\u00e1mov\u00fdch priestorov.<\/p>\n<p>Veriacich pros\u00edme o zachovanie pokoja a modlitbu za chor\u00fdch i za zdravotn\u00edckych pracovn\u00edkov. Neprepadajme obav\u00e1m, ale bu\u010fme pr\u00edkladom zodpovedn\u00e9ho postoja!<\/p>\n<p>Zachovajme n\u00e1le\u017eit\u00fa obozretnos\u0165, ale aj pom\u00e1hajme t\u00fdm, ktor\u00ed n\u00e1s potrebuj\u00fa. S d\u00f4verou prosme P\u00e1na o jeho pomoc a ochranu.<\/p>\n<p style=\"text-align: right;\">Slovensk\u00ed biskupi na v\u00e1s denne pam\u00e4taj\u00fa v modlitb\u00e1ch a s po\u017eehnan\u00edm.<br \/>\n<em>Mons. Stanislav Zvolensk\u00fd<br \/>\nbratislavsk\u00fd arcibiskup metropolita, predseda KB<\/em>S<\/p>\n","protected":false},"excerpt":{"rendered":"<p>Na Slovensku potvrdili prv\u00fd pr\u00edpad n\u00e1kazy koronav\u00edrusom. Bratislavsk\u00fd arcibiskup metropolita Mons. Stanislav Zvolensk\u00fd, predseda KBS, v tejto s\u00favislosti vydal nieko\u013eko odpor\u00fa\u010dan\u00ed pre katol\u00edckych k\u0148azov a veriacich. Prin\u00e1\u0161ame v\u00e1m ich v &#8230;<\/p>\n","protected":false},"author":5,"featured_media":2003,"comment_status":"closed","ping_status":"closed","sticky":false,"template":"","format":"video","meta":{"footnotes":""},"categories":[1],"tags":[],"class_list":["post-2002","post","type-post","status-publish","format-video","has-post-thumbnail","hentry","category-aktualne","post_format-post-format-video"],"_links":{"self":[{"href":"https:\/\/frantiskanihc.sk\/klastor\/wp-json\/wp\/v2\/posts\/2002","targetHints":{"allow":["GET"]}}],"collection":[{"href":"https:\/\/frantiskanihc.sk\/klastor\/wp-json\/wp\/v2\/posts"}],"about":[{"href":"https:\/\/frantiskanihc.sk\/klastor\/wp-json\/wp\/v2\/types\/post"}],"author":[{"embeddable":true,"href":"https:\/\/frantiskanihc.sk\/klastor\/wp-json\/wp\/v2\/users\/5"}],"replies":[{"embeddable":true,"href":"https:\/\/frantiskanihc.sk\/klastor\/wp-json\/wp\/v2\/comments?post=2002"}],"version-history":[{"count":6,"href":"https:\/\/frantiskanihc.sk\/klastor\/wp-json\/wp\/v2\/posts\/2002\/revisions"}],"predecessor-version":[{"id":2017,"href":"https:\/\/frantiskanihc.sk\/klastor\/wp-json\/wp\/v2\/posts\/2002\/revisions\/2017"}],"wp:featuredmedia":[{"embeddable":true,"href":"https:\/\/frantiskanihc.sk\/klastor\/wp-json\/wp\/v2\/media\/2003"}],"wp:attachment":[{"href":"https:\/\/frantiskanihc.sk\/klastor\/wp-json\/wp\/v2\/media?parent=2002"}],"wp:term":[{"taxonomy":"category","embeddable":true,"href":"https:\/\/frantiskanihc.sk\/klastor\/wp-json\/wp\/v2\/categories?post=2002"},{"taxonomy":"post_tag","embeddable":true,"href":"https:\/\/frantiskanihc.sk\/klastor\/wp-json\/wp\/v2\/tags?post=2002"}],"curies":[{"name":"wp","href":"https:\/\/api.w.org\/{rel}","templated":true}]}}