{"id":1993,"date":"2020-02-25T21:18:20","date_gmt":"2020-02-25T19:18:20","guid":{"rendered":"https:\/\/frantiskanihc.sk\/klastor\/?p=1993"},"modified":"2020-03-08T23:22:28","modified_gmt":"2020-03-08T21:22:28","slug":"jarna-zbierka-na-charitu","status":"publish","type":"post","link":"https:\/\/frantiskanihc.sk\/klastor\/aktualne\/2020\/jarna-zbierka-na-charitu\/","title":{"rendered":"Jarn\u00e1 zbierka na charitu"},"content":{"rendered":"<p>Jarn\u00e1 zbierka na charitu sa kon\u00e1 1. marca 2020. Je to celoslovensk\u00e1 zbierka realizovan\u00e1 v kostoloch, ktorej v\u00fdnos je pouk\u00e1zan\u00fd na \u010dinnos\u0165 miestnej diec\u00e9znej charity, v na\u0161om pr\u00edpade Trnavskej arcidiec\u00e9znej charity (TADCH). T\u00e1 je ofici\u00e1lnou charitat\u00edvnou organiz\u00e1ciou katol\u00edckej cirkvi s p\u00f4sobnos\u0165ou na \u00fazem\u00ed Trnavskej arcidiec\u00e9zy. Pom\u00e1ha n\u00fadznym bez oh\u013eadu na rasu, n\u00e1rodnos\u0165, politick\u00e9 zm\u00fd\u0161\u013eanie \u010di vierovyznaniu.<\/p>\n<p>Viac o zbierke si m\u00f4\u017eete pre\u010d\u00edta\u0165 na str\u00e1nke <a href=\"https:\/\/charitatt.sk\/novinky\/2020\/jarna-zbierka-na-charitu-2020\/\" rel=\"noopener noreferrer\" target=\"_blank\">Trnavskej arcidiec\u00e9znej charity<\/a>.<\/p>\n<p><a href=\"https:\/\/charitatt.darujme.sk\/2409\/\" target=\"_blank\" rel=\"noopener noreferrer\">Podpori\u0165 zbierku<\/a><\/p>\n<p><strong>Taktie\u017e n\u00e1s m\u00f4\u017ete podpori\u0165 prevodom na \u00fa\u010det \u00fa\u010det: SK71 7500 0000 0040 0829 7855<\/strong><\/p>\n","protected":false},"excerpt":{"rendered":"<p>Jarn\u00e1 zbierka na charitu sa kon\u00e1 1. marca 2020. Je to celoslovensk\u00e1 zbierka realizovan\u00e1 v kostoloch, ktorej v\u00fdnos je pouk\u00e1zan\u00fd na \u010dinnos\u0165 miestnej diec\u00e9znej charity, v na\u0161om pr\u00edpade Trnavskej arcidiec\u00e9znej &#8230;<\/p>\n","protected":false},"author":5,"featured_media":1994,"comment_status":"closed","ping_status":"closed","sticky":false,"template":"","format":"standard","meta":{"footnotes":""},"categories":[1],"tags":[],"class_list":["post-1993","post","type-post","status-publish","format-standard","has-post-thumbnail","hentry","category-aktualne"],"_links":{"self":[{"href":"https:\/\/frantiskanihc.sk\/klastor\/wp-json\/wp\/v2\/posts\/1993","targetHints":{"allow":["GET"]}}],"collection":[{"href":"https:\/\/frantiskanihc.sk\/klastor\/wp-json\/wp\/v2\/posts"}],"about":[{"href":"https:\/\/frantiskanihc.sk\/klastor\/wp-json\/wp\/v2\/types\/post"}],"author":[{"embeddable":true,"href":"https:\/\/frantiskanihc.sk\/klastor\/wp-json\/wp\/v2\/users\/5"}],"replies":[{"embeddable":true,"href":"https:\/\/frantiskanihc.sk\/klastor\/wp-json\/wp\/v2\/comments?post=1993"}],"version-history":[{"count":3,"href":"https:\/\/frantiskanihc.sk\/klastor\/wp-json\/wp\/v2\/posts\/1993\/revisions"}],"predecessor-version":[{"id":1997,"href":"https:\/\/frantiskanihc.sk\/klastor\/wp-json\/wp\/v2\/posts\/1993\/revisions\/1997"}],"wp:featuredmedia":[{"embeddable":true,"href":"https:\/\/frantiskanihc.sk\/klastor\/wp-json\/wp\/v2\/media\/1994"}],"wp:attachment":[{"href":"https:\/\/frantiskanihc.sk\/klastor\/wp-json\/wp\/v2\/media?parent=1993"}],"wp:term":[{"taxonomy":"category","embeddable":true,"href":"https:\/\/frantiskanihc.sk\/klastor\/wp-json\/wp\/v2\/categories?post=1993"},{"taxonomy":"post_tag","embeddable":true,"href":"https:\/\/frantiskanihc.sk\/klastor\/wp-json\/wp\/v2\/tags?post=1993"}],"curies":[{"name":"wp","href":"https:\/\/api.w.org\/{rel}","templated":true}]}}