{"id":1922,"date":"2019-08-13T21:19:31","date_gmt":"2019-08-13T19:19:31","guid":{"rendered":"https:\/\/frantiskanihc.sk\/klastor\/?p=1922"},"modified":"2019-10-07T09:15:23","modified_gmt":"2019-10-07T07:15:23","slug":"zamska-put","status":"publish","type":"post","link":"https:\/\/frantiskanihc.sk\/klastor\/aktualne\/2019\/zamska-put\/","title":{"rendered":"Z\u00e1mska p\u00fa\u0165"},"content":{"rendered":"<p>Srde\u010dne poz\u00fdvame na tradi\u010dn\u00fa Z\u00c1MSKA P\u00da\u0164 2019, ktor\u00e1 od tohto roka bude rozdelen\u00e1 v\u017edy na dve sl\u00e1venia, tak ako to bolo vo\u013eakedy \u2013 pod\u013ea dobov\u00fdch z\u00e1znamov z kanonick\u00fdch vizit\u00e1ci\u00ed farnosti Hlohovec:<\/p>\n<p><a rel=\"rgg\" href=\"https:\/\/frantiskanihc.sk\/klastor\/wp-content\/uploads\/2019\/08\/2019_zamska_put.jpg\" data-rel=\"rgg-gallery-y1P2NKhD\" data-rl_title=\"\" data-rl_caption=\"\" title=\"\"><img loading=\"lazy\" decoding=\"async\" width=\"794\" height=\"1122\" src=\"https:\/\/frantiskanihc.sk\/klastor\/wp-content\/uploads\/2019\/08\/2019_zamska_put.jpg\" alt=\"\" class=\"aligncenter size-full wp-image-1926\" srcset=\"https:\/\/frantiskanihc.sk\/klastor\/wp-content\/uploads\/2019\/08\/2019_zamska_put.jpg 794w, https:\/\/frantiskanihc.sk\/klastor\/wp-content\/uploads\/2019\/08\/2019_zamska_put-212x300.jpg 212w, https:\/\/frantiskanihc.sk\/klastor\/wp-content\/uploads\/2019\/08\/2019_zamska_put-768x1085.jpg 768w\" sizes=\"auto, (max-width: 794px) 100vw, 794px\" \/><\/a><\/p>\n<ol>\n<li><em>\u0160TVRTOK 15. augusta \u2013 sl\u00e1vnos\u0165 Nanebovzatia Panny M\u00e1rie:<\/em> V tento de\u0148, z d\u00f4vodu konania p\u00fate na Kalv\u00e1rii, ve\u010dern\u00e1 sv\u00e4t\u00e1 om\u0161a o 17:00 vo farskom kostole sv. Michala Archanjela nebude. Pre minim\u00e1lny z\u00e1ujem, autobus z Koplotoviec nep\u00f4jde a nebude ani pe\u0161ia procesia od kas\u00e1rn\u00ed. Kr\u00ed\u017eov\u00e1 cesta sa nebude organizovane kona\u0165, nako\u013eko tento de\u0148 je mari\u00e1nskym sviatkom, a preto za\u010diatok bude a\u017e pri Lurdskej jaskyni o 18:30 modlitbou posv\u00e4tn\u00e9ho sl\u00e1vnostn\u00e9ho ru\u017eenca. Pred za\u010diatkom sv. om\u0161e sa spolo\u010dne pomodl\u00edme Loret\u00e1nske lit\u00e1nie a po nich bude nasledova\u0165 sl\u00e1vnostn\u00e1 sv\u00e4t\u00e1 om\u0161a o 19:00. Po skon\u010den\u00ed sv. om\u0161e budeme pokra\u010dova\u0165 svie\u010dkov\u00fdm sprievodom cez Vinohradsk\u00fa ulicu do farsk\u00e9ho kostola, kde zav\u0155\u0161ime sl\u00e1venie Eucharistick\u00fdm po\u017eehnan\u00edm. Pros\u00edme V\u00e1s, aby ste si priniesli so sebou svie\u010dky, a taktie\u017e pros\u00edme farn\u00edkov, aby si v tento<br \/>\nde\u0148 vyzdobili okn\u00e1 obr\u00e1zkami Panny M\u00e1rie a zap\u00e1lili sviece v uliciach, ktor\u00fdmi bude procesia prech\u00e1dza\u0165. Autobus bude pristaven\u00fd pri farskom kostole a\u017e po skon\u010den\u00ed sl\u00e1venia a odvezie farn\u00edkov na Nov\u00fa \u0160tvr\u0165 a do Petra.<\/li>\n<li><em>NEDE\u013dA 18.augusta \u2013 obnovenie tradi\u010dnej z\u00e1mskej p\u00fate na z\u00e1mok po 20 rokoch:<\/em> V tento de\u0148, z d\u00f4vodu konania p\u00fate na Z\u00e1mok, doobedn\u00e9 sv\u00e4t\u00e9 om\u0161e o 9:00 a 10:30 vo farskom kostole sv. Michala Archanjela nebud\u00fa! Z\u00e1mska p\u00fa\u0165 za\u010dne vo Farskom kostole o 8:30 Loret\u00e1nskymi lit\u00e1niami a po lit\u00e1ni\u00e1ch p\u00f4jde pe\u0161ia p\u00fa\u0165 \u2013 procesia s dychovkou na z\u00e1mok, kde o 9:00 bude sl\u00e1vnostn\u00e1 sv\u00e4t\u00e1 om\u0161a na n\u00e1dvor\u00ed z\u00e1mku s obradom po\u017eehnania obnovenej z\u00e1mockej kaplnky. Po skon\u010den\u00ed sv\u00e4tej om\u0161e, bude mo\u017enos\u0165 organizovanej prehliadky hlohovsk\u00e9ho z\u00e1mku s odborn\u00fdm v\u00fdkladom pracovn\u00edkov m\u00fazea za symbolick\u00fd poplatok.<\/li>\n<\/ol>\n","protected":false},"excerpt":{"rendered":"<p>Srde\u010dne poz\u00fdvame na tradi\u010dn\u00fa Z\u00c1MSKA P\u00da\u0164 2019, ktor\u00e1 od tohto roka bude rozdelen\u00e1 v\u017edy na dve sl\u00e1venia, tak ako to bolo vo\u013eakedy \u2013 pod\u013ea dobov\u00fdch z\u00e1znamov z kanonick\u00fdch vizit\u00e1ci\u00ed farnosti &#8230;<\/p>\n","protected":false},"author":5,"featured_media":1928,"comment_status":"closed","ping_status":"closed","sticky":false,"template":"","format":"video","meta":{"footnotes":""},"categories":[1],"tags":[],"class_list":["post-1922","post","type-post","status-publish","format-video","has-post-thumbnail","hentry","category-aktualne","post_format-post-format-video"],"_links":{"self":[{"href":"https:\/\/frantiskanihc.sk\/klastor\/wp-json\/wp\/v2\/posts\/1922","targetHints":{"allow":["GET"]}}],"collection":[{"href":"https:\/\/frantiskanihc.sk\/klastor\/wp-json\/wp\/v2\/posts"}],"about":[{"href":"https:\/\/frantiskanihc.sk\/klastor\/wp-json\/wp\/v2\/types\/post"}],"author":[{"embeddable":true,"href":"https:\/\/frantiskanihc.sk\/klastor\/wp-json\/wp\/v2\/users\/5"}],"replies":[{"embeddable":true,"href":"https:\/\/frantiskanihc.sk\/klastor\/wp-json\/wp\/v2\/comments?post=1922"}],"version-history":[{"count":3,"href":"https:\/\/frantiskanihc.sk\/klastor\/wp-json\/wp\/v2\/posts\/1922\/revisions"}],"predecessor-version":[{"id":1927,"href":"https:\/\/frantiskanihc.sk\/klastor\/wp-json\/wp\/v2\/posts\/1922\/revisions\/1927"}],"wp:featuredmedia":[{"embeddable":true,"href":"https:\/\/frantiskanihc.sk\/klastor\/wp-json\/wp\/v2\/media\/1928"}],"wp:attachment":[{"href":"https:\/\/frantiskanihc.sk\/klastor\/wp-json\/wp\/v2\/media?parent=1922"}],"wp:term":[{"taxonomy":"category","embeddable":true,"href":"https:\/\/frantiskanihc.sk\/klastor\/wp-json\/wp\/v2\/categories?post=1922"},{"taxonomy":"post_tag","embeddable":true,"href":"https:\/\/frantiskanihc.sk\/klastor\/wp-json\/wp\/v2\/tags?post=1922"}],"curies":[{"name":"wp","href":"https:\/\/api.w.org\/{rel}","templated":true}]}}