{"id":1890,"date":"2019-04-17T15:45:29","date_gmt":"2019-04-17T13:45:29","guid":{"rendered":"https:\/\/frantiskanihc.sk\/klastor\/?p=1890"},"modified":"2019-07-14T14:19:19","modified_gmt":"2019-07-14T12:19:19","slug":"slavenie-velkej-noci","status":"publish","type":"post","link":"https:\/\/frantiskanihc.sk\/klastor\/aktualne\/2019\/slavenie-velkej-noci\/","title":{"rendered":"Sl\u00e1venie Ve\u013ekej noci"},"content":{"rendered":"<p><strong>Vo Ve\u013ekono\u010dnom trojdni sa sl\u00e1vi liturgia \u0161peci\u00e1lne:<\/strong><\/p>\n<ul>\n<li>na <strong>Zelen\u00fd \u0161tvrtok<\/strong> bude sv.\u00a0om\u0161a iba ve\u010der o\u00a018:30;<\/li>\n<li>na <strong>Ve\u013ek\u00fd piatok<\/strong> sa budeme o\u00a09:00 modli\u0165 kr\u00ed\u017eov\u00fa cestu ulicami mesta. Za\u010diatok je pre na\u0161\u00edm kostolom a\u00a0postupne sa p\u00f4jde a\u017e na Kalv\u00e1riu na citor\u00edne. Popoludn\u00ed o\u00a015:00 bud\u00fa liturgick\u00e9 obrady Ve\u013ek\u00e9ho piatku. Kostol k\u00a0poklone Najs\u00e4tej\u0161ej sviatosti bude v\u00a0piatok otvoren\u00fd do 19:00. Ve\u013ek\u00fd piatok je d\u0148om pr\u00edsneho p\u00f4stu. Zdr\u017eujeme sa m\u00e4sit\u00fdch pokrmov a\u00a0post\u00edme sa (m\u00f4\u017eeme sa najes\u0165 raz do s\u00fdta a\u00a0okrem toho e\u0161te dvakr\u00e1t m\u00f4\u017eeme zjes\u0165 nie\u010do m\u00e1lo). To plat\u00ed pre dospel\u00fdch a\u00a0zdrav\u00fdch \u013eud\u00ed (18 \u2013 60 rokov), ostatn\u00ed (od 14 rokov) sa zdr\u017euj\u00fa m\u00e4sit\u00fdch pokrmov;<\/li>\n<li>na <strong>Bielu sobotu<\/strong> r\u00e1no o\u00a08:00 sa budeme modli\u0165 rann\u00e9 chv\u00e1ly. Po nich vylo\u017e\u00edme Najsv\u00e4tej\u0161iu sviatos\u0165 k\u00a0poklone a\u017e do 19:00. Sv.\u00a0om\u0161u Ve\u013ekono\u010dnej vig\u00edlie budeme sl\u00e1vi\u0165 v\u00a0sobotu o\u00a019:30. Prineste si sviece na obnovu krstn\u00fdch s\u013eubov;<\/li>\n<li>v\u00a0<strong>nede\u013eu<\/strong> bud\u00fa sv.\u00a0om\u0161e ako zvy\u010dajne.<\/li>\n<\/ul>\n<p><em>\u00dapln\u00e9 odpustky za zvy\u010dajn\u00fdch podmienok (sv. spove\u010f, sv. prij\u00edmanie, modlitba na \u00famysel Sv. otca a vyl\u00fa\u010denie akejko\u013evek prip\u00fatanosti k\u00a0hriechu) mo\u017eno z\u00edska\u0165:<\/em><\/p>\n<ul>\n<li>na <em>Zelen\u00fd \u0161tvrtok<\/em> pri verejnej ador\u00e1cii Najsv\u00e4tej\u0161ej sviatosti recitovan\u00edm alebo spevom hymnu Ct\u00edme t\u00fato Sviatos\u0165 sl\u00e1vnu;<\/li>\n<li>na <em>Ve\u013ek\u00fd piatok<\/em> za n\u00e1bo\u017en\u00fa \u00fa\u010das\u0165 poklony kr\u00ed\u017eu;<\/li>\n<li>na <em>Ve\u013ekono\u010dn\u00fa vig\u00edliu<\/em> za obnovu krstn\u00fdch s\u013eubov.<\/li>\n<\/ul>\n<p><a href=\"https:\/\/frantiskanihc.sk\/klastor\/wp-content\/uploads\/2019\/04\/velka-noc-2019.jpg\" data-rel=\"rgg-gallery-dXjty7RT\" data-rl_title=\"\" data-rl_caption=\"\" title=\"\"><img decoding=\"async\" src=\"https:\/\/frantiskanihc.sk\/klastor\/wp-content\/uploads\/2019\/04\/velka-noc-2019.jpg\" alt=\"\" class=\"aligncenter size-full wp-image-1888\" \/><\/a><\/p>\n","protected":false},"excerpt":{"rendered":"<p>Vo Ve\u013ekono\u010dnom trojdni sa sl\u00e1vi liturgia \u0161peci\u00e1lne: na Zelen\u00fd \u0161tvrtok bude sv.\u00a0om\u0161a iba ve\u010der o\u00a018:30; na Ve\u013ek\u00fd piatok sa budeme o\u00a09:00 modli\u0165 kr\u00ed\u017eov\u00fa cestu ulicami mesta. Za\u010diatok je pre na\u0161\u00edm &#8230;<\/p>\n","protected":false},"author":5,"featured_media":1895,"comment_status":"closed","ping_status":"closed","sticky":false,"template":"","format":"standard","meta":{"footnotes":""},"categories":[1],"tags":[],"class_list":["post-1890","post","type-post","status-publish","format-standard","has-post-thumbnail","hentry","category-aktualne"],"_links":{"self":[{"href":"https:\/\/frantiskanihc.sk\/klastor\/wp-json\/wp\/v2\/posts\/1890","targetHints":{"allow":["GET"]}}],"collection":[{"href":"https:\/\/frantiskanihc.sk\/klastor\/wp-json\/wp\/v2\/posts"}],"about":[{"href":"https:\/\/frantiskanihc.sk\/klastor\/wp-json\/wp\/v2\/types\/post"}],"author":[{"embeddable":true,"href":"https:\/\/frantiskanihc.sk\/klastor\/wp-json\/wp\/v2\/users\/5"}],"replies":[{"embeddable":true,"href":"https:\/\/frantiskanihc.sk\/klastor\/wp-json\/wp\/v2\/comments?post=1890"}],"version-history":[{"count":5,"href":"https:\/\/frantiskanihc.sk\/klastor\/wp-json\/wp\/v2\/posts\/1890\/revisions"}],"predecessor-version":[{"id":1897,"href":"https:\/\/frantiskanihc.sk\/klastor\/wp-json\/wp\/v2\/posts\/1890\/revisions\/1897"}],"wp:featuredmedia":[{"embeddable":true,"href":"https:\/\/frantiskanihc.sk\/klastor\/wp-json\/wp\/v2\/media\/1895"}],"wp:attachment":[{"href":"https:\/\/frantiskanihc.sk\/klastor\/wp-json\/wp\/v2\/media?parent=1890"}],"wp:term":[{"taxonomy":"category","embeddable":true,"href":"https:\/\/frantiskanihc.sk\/klastor\/wp-json\/wp\/v2\/categories?post=1890"},{"taxonomy":"post_tag","embeddable":true,"href":"https:\/\/frantiskanihc.sk\/klastor\/wp-json\/wp\/v2\/tags?post=1890"}],"curies":[{"name":"wp","href":"https:\/\/api.w.org\/{rel}","templated":true}]}}