{"id":1829,"date":"2025-08-25T05:46:44","date_gmt":"2025-08-25T03:46:44","guid":{"rendered":"https:\/\/frantiskanihc.sk\/klastor\/?p=1829"},"modified":"2025-08-25T17:28:41","modified_gmt":"2025-08-25T15:28:41","slug":"dekanatny-kurz-pripravy-na-sviatost-manzelstva","status":"publish","type":"post","link":"https:\/\/frantiskanihc.sk\/klastor\/aktualne\/2025\/dekanatny-kurz-pripravy-na-sviatost-manzelstva\/","title":{"rendered":"Dekan\u00e1tny kurz pr\u00edpravy na sviatos\u0165 man\u017eelstva"},"content":{"rendered":"<p>D\u00e1vame do pozornosti sn\u00fabencom, ktor\u00ed hodlaj\u00fa uzavrie\u0165 sviatostn\u00e9 man\u017eelstvo Dekan\u00e1tny kurz pr\u00edpravy na sviatos\u0165 man\u017eelstva. <\/p>\n<p>Ide o jednorazov\u00fd \u2013 jednod\u0148ov\u00fd kurz, ktor\u00fd sa bude kona\u0165 v\u017edy <strong>prv\u00fa sobotu v mesiaci v \u010dase od 9:00<\/strong> u n\u00e1s <strong>v s\u00e1le kl\u00e1\u0161tora<\/strong>. <\/p>\n<h3>Term\u00edny kurzu: v\u017edy prv\u00e1 sobota v mesiaci<\/h3>\n<ul>\n<li>06. sep 2025 <\/li>\n<li>04. okt 2025<\/li>\n<li>08. nov 2025<\/li>\n<li>07. feb 2026<\/li>\n<li>07. mar 2026<\/li>\n<li>11. apr 2026<\/li>\n<li>02. m\u00e1j 2026<\/li>\n<li>06. j\u00fan 2026<\/li>\n<\/ul>\n<h3>\u010cas a t\u00e9my predn\u00e1\u0161ok<\/h3>\n<dl>\n<dt>1. blok &#8211; predn\u00e1\u0161a man\u017eelsk\u00fd p\u00e1r<\/dt>\n<dd>1. t\u00e9ma: Povolanie k man\u017eelstvu, predpoklady dobr\u00e9ho man\u017eelstva<\/dd>\n<dd>2. t\u00e9ma: Man\u017eelsk\u00e1 l\u00e1ska<\/dd>\n<dt>2. blok &#8211; predn\u00e1\u0161a kres\u0165ansk\u00fd psychol\u00f3g<\/dt>\n<dd>3. t\u00e9ma: \u013dudsk\u00e1 pohlavnos\u0165, rozdielnos\u0165 a doplnkovos\u0165 mu\u017ea a \u017eeny<\/dd>\n<dd>4. t\u00e9ma: Komunik\u00e1cia v man\u017eelstve a rie\u0161enie konfliktov<\/dd>\n<dt>3. blok &#8211; predn\u00e1\u0161a kres\u0165ansk\u00fd lek\u00e1r<\/dt>\n<dd>5. t\u00e9ma: Zodpovedn\u00e9 rodi\u010dovstvo, prirodzen\u00e9 met\u00f3dy pl\u00e1novanie rodi\u010dovstva<\/dd>\n<dd>6. t\u00e9ma: Pr\u00edprava na rodi\u010dovstvo a v\u00fdchovu det\u00ed<\/dd>\n<dt>Zvy\u0161n\u00e9 tri teologick\u00e9 t\u00e9my treba absolvova\u0165 s k\u0148azom, ktor\u00fd v\u00e1s bude sob\u00e1\u0161i\u0165 alebo vo svojej farnosti:\n<\/dt>\n<dd>7. t\u00e9ma: \tKres\u0165ansk\u00e1 viera &#8211; vierouka<\/dd>\n<dd>8. t\u00e9ma: \tKres\u0165ansk\u00e1 mravnos\u0165 a \u017eivotn\u00fd \u0161t\u00fdl v rodine &#8211; mravouka<\/dd>\n<dd>9. t\u00e9ma: \tSviatosti, sviatos\u0165 man\u017eelstva &#8211; sviatostn\u00fd \u017eivot<\/dd>\n<\/dl>\n<p>Sp\u00f4sob <strong>prihlasovania<\/strong> je e-mailom minim\u00e1lne 3 dni pred d\u00e1tumom kurzu na mailovej adrese <strong>manzelskekurzyhc@gmail.com <\/strong><\/p>\n<p><a href=\"https:\/\/frantiskanihc.sk\/klastor\/wp-content\/uploads\/2024\/02\/kurz_snubenci_02.jpg\" data-rel=\"rgg-gallery-3RkPVfP9\" data-rl_title=\"\" data-rl_caption=\"\" title=\"\"><img loading=\"lazy\" decoding=\"async\" src=\"https:\/\/frantiskanihc.sk\/klastor\/wp-content\/uploads\/2024\/02\/kurz_snubenci_02.jpg\" alt=\"Dekan\u00e1tny kurz pr\u00edpravy na sviatos\u0165 man\u017eelstva\" width=\"850\" height=\"1202\" class=\"alignnone size-full wp-image-2717\" srcset=\"https:\/\/frantiskanihc.sk\/klastor\/wp-content\/uploads\/2024\/02\/kurz_snubenci_02.jpg 850w, https:\/\/frantiskanihc.sk\/klastor\/wp-content\/uploads\/2024\/02\/kurz_snubenci_02-212x300.jpg 212w, https:\/\/frantiskanihc.sk\/klastor\/wp-content\/uploads\/2024\/02\/kurz_snubenci_02-768x1086.jpg 768w\" sizes=\"auto, (max-width: 850px) 100vw, 850px\" \/><\/a><\/p>\n","protected":false},"excerpt":{"rendered":"<p>D\u00e1vame do pozornosti sn\u00fabencom, ktor\u00ed hodlaj\u00fa uzavrie\u0165 sviatostn\u00e9 man\u017eelstvo Dekan\u00e1tny kurz pr\u00edpravy na sviatos\u0165 man\u017eelstva. Ide o jednorazov\u00fd \u2013 jednod\u0148ov\u00fd kurz, ktor\u00fd sa bude kona\u0165 v\u017edy prv\u00fa sobotu v mesiaci &#8230;<\/p>\n","protected":false},"author":5,"featured_media":2034,"comment_status":"closed","ping_status":"closed","sticky":false,"template":"","format":"video","meta":{"footnotes":""},"categories":[1],"tags":[],"class_list":["post-1829","post","type-post","status-publish","format-video","has-post-thumbnail","hentry","category-aktualne","post_format-post-format-video"],"_links":{"self":[{"href":"https:\/\/frantiskanihc.sk\/klastor\/wp-json\/wp\/v2\/posts\/1829","targetHints":{"allow":["GET"]}}],"collection":[{"href":"https:\/\/frantiskanihc.sk\/klastor\/wp-json\/wp\/v2\/posts"}],"about":[{"href":"https:\/\/frantiskanihc.sk\/klastor\/wp-json\/wp\/v2\/types\/post"}],"author":[{"embeddable":true,"href":"https:\/\/frantiskanihc.sk\/klastor\/wp-json\/wp\/v2\/users\/5"}],"replies":[{"embeddable":true,"href":"https:\/\/frantiskanihc.sk\/klastor\/wp-json\/wp\/v2\/comments?post=1829"}],"version-history":[{"count":24,"href":"https:\/\/frantiskanihc.sk\/klastor\/wp-json\/wp\/v2\/posts\/1829\/revisions"}],"predecessor-version":[{"id":2718,"href":"https:\/\/frantiskanihc.sk\/klastor\/wp-json\/wp\/v2\/posts\/1829\/revisions\/2718"}],"wp:featuredmedia":[{"embeddable":true,"href":"https:\/\/frantiskanihc.sk\/klastor\/wp-json\/wp\/v2\/media\/2034"}],"wp:attachment":[{"href":"https:\/\/frantiskanihc.sk\/klastor\/wp-json\/wp\/v2\/media?parent=1829"}],"wp:term":[{"taxonomy":"category","embeddable":true,"href":"https:\/\/frantiskanihc.sk\/klastor\/wp-json\/wp\/v2\/categories?post=1829"},{"taxonomy":"post_tag","embeddable":true,"href":"https:\/\/frantiskanihc.sk\/klastor\/wp-json\/wp\/v2\/tags?post=1829"}],"curies":[{"name":"wp","href":"https:\/\/api.w.org\/{rel}","templated":true}]}}