{"id":1806,"date":"2018-06-14T14:32:34","date_gmt":"2018-06-14T12:32:34","guid":{"rendered":"https:\/\/frantiskanihc.sk\/klastor\/?p=1806"},"modified":"2018-06-17T18:16:31","modified_gmt":"2018-06-17T16:16:31","slug":"s-frantiskanmi-za-frantiskom","status":"publish","type":"post","link":"https:\/\/frantiskanihc.sk\/klastor\/aktualne\/2018\/s-frantiskanmi-za-frantiskom\/","title":{"rendered":"S franti\u0161k\u00e1nmi za Franti\u0161kom"},"content":{"rendered":"<p><a href=\"https:\/\/frantiskanihc.sk\/klastor\/wp-content\/uploads\/2018\/06\/s-ofm-za-frantiskom.jpg\" data-rel=\"rgg-gallery-dWPwpFM7\" data-rl_title=\"\" data-rl_caption=\"\" title=\"\"><img loading=\"lazy\" decoding=\"async\" width=\"2048\" height=\"1419\" src=\"https:\/\/frantiskanihc.sk\/klastor\/wp-content\/uploads\/2018\/06\/s-ofm-za-frantiskom.jpg\" alt=\"\" class=\"aligncenter size-full wp-image-1807\" srcset=\"https:\/\/frantiskanihc.sk\/klastor\/wp-content\/uploads\/2018\/06\/s-ofm-za-frantiskom.jpg 2048w, https:\/\/frantiskanihc.sk\/klastor\/wp-content\/uploads\/2018\/06\/s-ofm-za-frantiskom-300x208.jpg 300w, https:\/\/frantiskanihc.sk\/klastor\/wp-content\/uploads\/2018\/06\/s-ofm-za-frantiskom-768x532.jpg 768w, https:\/\/frantiskanihc.sk\/klastor\/wp-content\/uploads\/2018\/06\/s-ofm-za-frantiskom-1536x1064.jpg 1536w\" sizes=\"auto, (max-width: 2048px) 100vw, 2048px\" \/><\/a><\/p>\n<p>Bratia a sestry poz\u00fdvame v\u00e1s na jesenn\u00fa p\u00fa\u0165 do Talianska s n\u00e1zvom <strong>S franti\u0161k\u00e1nmi za Franti\u0161kom<\/strong> od 12.-19.10.2018. P\u00fa\u0165 je spojen\u00e1 s duchovnou obnovou na miestach \u017eivota Franti\u0161ka z Assisi. Ide o putovanie v malej skupine (max 24 os\u00f4b), bez ve\u013ek\u00e9ho n\u00e1hlenia sa s duchovn\u00fdm doprev\u00e1dzan\u00edm bratov franti\u0161k\u00e1nov, minoritov a \u0160kolsk\u00fdch sestier sv. Franti\u0161ka. Cena sedemd\u0148ovej p\u00fate je 450\u20ac. Podobnosti o ubytovan\u00ed a stravovan\u00ed  ako i \u010fal\u0161ie inform\u00e1cie o miestach ktor\u00e9 nav\u0161t\u00edvime n\u00e1jdete na str\u00e1nke <a href=\"http:\/\/www.frantiskani.sk\/spravy\/339\/pozyvame-jesenna-put-do-talianska-2018---s-frantiskanmi-za-frantiskom\" rel=\"noopener\" target=\"_blank\">frantiskani.sk<\/a>.<\/p>\n","protected":false},"excerpt":{"rendered":"<p>Bratia a sestry poz\u00fdvame v\u00e1s na jesenn\u00fa p\u00fa\u0165 do Talianska s n\u00e1zvom S franti\u0161k\u00e1nmi za Franti\u0161kom od 12.-19.10.2018. P\u00fa\u0165 je spojen\u00e1 s duchovnou obnovou na miestach \u017eivota Franti\u0161ka z Assisi. &#8230;<\/p>\n","protected":false},"author":5,"featured_media":1807,"comment_status":"closed","ping_status":"closed","sticky":false,"template":"","format":"video","meta":{"footnotes":""},"categories":[1],"tags":[],"class_list":["post-1806","post","type-post","status-publish","format-video","has-post-thumbnail","hentry","category-aktualne","post_format-post-format-video"],"_links":{"self":[{"href":"https:\/\/frantiskanihc.sk\/klastor\/wp-json\/wp\/v2\/posts\/1806","targetHints":{"allow":["GET"]}}],"collection":[{"href":"https:\/\/frantiskanihc.sk\/klastor\/wp-json\/wp\/v2\/posts"}],"about":[{"href":"https:\/\/frantiskanihc.sk\/klastor\/wp-json\/wp\/v2\/types\/post"}],"author":[{"embeddable":true,"href":"https:\/\/frantiskanihc.sk\/klastor\/wp-json\/wp\/v2\/users\/5"}],"replies":[{"embeddable":true,"href":"https:\/\/frantiskanihc.sk\/klastor\/wp-json\/wp\/v2\/comments?post=1806"}],"version-history":[{"count":2,"href":"https:\/\/frantiskanihc.sk\/klastor\/wp-json\/wp\/v2\/posts\/1806\/revisions"}],"predecessor-version":[{"id":1809,"href":"https:\/\/frantiskanihc.sk\/klastor\/wp-json\/wp\/v2\/posts\/1806\/revisions\/1809"}],"wp:featuredmedia":[{"embeddable":true,"href":"https:\/\/frantiskanihc.sk\/klastor\/wp-json\/wp\/v2\/media\/1807"}],"wp:attachment":[{"href":"https:\/\/frantiskanihc.sk\/klastor\/wp-json\/wp\/v2\/media?parent=1806"}],"wp:term":[{"taxonomy":"category","embeddable":true,"href":"https:\/\/frantiskanihc.sk\/klastor\/wp-json\/wp\/v2\/categories?post=1806"},{"taxonomy":"post_tag","embeddable":true,"href":"https:\/\/frantiskanihc.sk\/klastor\/wp-json\/wp\/v2\/tags?post=1806"}],"curies":[{"name":"wp","href":"https:\/\/api.w.org\/{rel}","templated":true}]}}