{"id":1788,"date":"2018-05-25T15:16:56","date_gmt":"2018-05-25T13:16:56","guid":{"rendered":"https:\/\/frantiskanihc.sk\/klastor\/?p=1788"},"modified":"2018-05-25T15:17:30","modified_gmt":"2018-05-25T13:17:30","slug":"tabor-minfa","status":"publish","type":"post","link":"https:\/\/frantiskanihc.sk\/klastor\/aktualne\/2018\/tabor-minfa\/","title":{"rendered":"T\u00e1bor MINFA"},"content":{"rendered":"<p><a href=\"https:\/\/frantiskanihc.sk\/klastor\/wp-content\/uploads\/2018\/05\/plagat-minfa.jpg\" data-rel=\"rgg-gallery-e2iclf38\" data-rl_title=\"\" data-rl_caption=\"\" title=\"\"><img loading=\"lazy\" decoding=\"async\" width=\"1447\" height=\"2048\" src=\"https:\/\/frantiskanihc.sk\/klastor\/wp-content\/uploads\/2018\/05\/plagat-minfa.jpg\" alt=\"T\u00e1bor MINFA\" class=\"aligncenter size-full wp-image-1790\" srcset=\"https:\/\/frantiskanihc.sk\/klastor\/wp-content\/uploads\/2018\/05\/plagat-minfa.jpg 1447w, https:\/\/frantiskanihc.sk\/klastor\/wp-content\/uploads\/2018\/05\/plagat-minfa-212x300.jpg 212w, https:\/\/frantiskanihc.sk\/klastor\/wp-content\/uploads\/2018\/05\/plagat-minfa-768x1087.jpg 768w, https:\/\/frantiskanihc.sk\/klastor\/wp-content\/uploads\/2018\/05\/plagat-minfa-1085x1536.jpg 1085w\" sizes=\"auto, (max-width: 1447px) 100vw, 1447px\" \/><\/a><\/p>\n<p>Ak sa chce\u0161 pribl\u00ed\u017ei\u0165 k Bohu, spozna\u0165 nov\u00fdch kamar\u00e1tov a za\u017ei\u0165 nov\u00e9 dobrodru\u017estv\u00e1, prihl\u00e1s sa na mini\u0161trantsk\u00fd t\u00e1bor MinFa, na ktor\u00fd \u0164a srde\u010dne poz\u00fdvaj\u00fa bohoslovci bratislavsk\u00e9ho semin\u00e1ra. T\u00e1bor bude v term\u00edne od 3. do 9. j\u00fala a od 10. do 16. j\u00fala. Cena t\u00e1bora je 40 \u20ac.<\/p>\n<p>Prihl\u00e1s sa u svojho p\u00e1na far\u00e1ra alebo na <a href=\"https:\/\/www.minfa.sk\/\">minfa.sk<\/a>.<\/p>\n<p><strong>Stru\u010dn\u00e9 inform\u00e1cie o t\u00e1bore pre k\u0148azov:<\/strong><\/p>\n<ul>\n<li>T\u00e1bory sa uskuto\u010dnia na miestach: \u010cast\u00e1, Horn\u00e9 Ore\u0161any, Trst\u00edn, kde bud\u00fa mini\u0161tranti rozdelen\u00ed pod\u013ea n\u00e1\u0161ho uv\u00e1\u017eenia. Budeme sa sna\u017ei\u0165 rozdeli\u0165 ich pod\u013ea farnost\u00ed, z ktor\u00fdch poch\u00e1dzaj\u00fa.<\/li>\n<li>Cie\u013eom t\u00e1borov je povzbudi\u0165 mini\u0161trantov ku k\u0148azsk\u00e9mu povolaniu, privies\u0165 ich k hlb\u0161iemu vz\u0165ahu k Bohu, rozv\u00edja\u0165 ich vedomosti oh\u013eadom liturgie a katol\u00edckej viery, pom\u00f4c\u0165 im spozna\u0165 nov\u00fdch mini\u0161trantov z in\u00fdch farnost\u00ed.<\/li>\n<li>Nako\u013eko chceme pr\u00edstup k tomuto t\u00e1boru umo\u017eni\u0165 aj mini\u0161trantom zo soci\u00e1lne slab\u0161\u00edch rod\u00edn, pros\u00edme V\u00e1s o spolupr\u00e1cu. Ak tak\u00fdchto pozn\u00e1te, odporu\u010dte im, nech sa prihl\u00e1sia a poplatok prisp\u00f4sob\u00edme pod\u013ea konkr\u00e9tnych mo\u017enost\u00ed po dohode s Vami. Ak by bolo mo\u017en\u00e9 aj V\u00e1m<br \/>\nnejak\u00fdm sp\u00f4sobom prispie\u0165, budeme v\u010fa\u010dn\u00ed. Z\u00e1rove\u0148 V\u00e1s pros\u00edme o modlitby za nov\u00e9 k\u0148azsk\u00e9 povolania a za letn\u00e9 MinFa t\u00e1bory.<\/li>\n<\/ul>\n<p>\u010eakujeme.<br \/>\n<em>Bohoslovci Marek V\u00e1vra, Milan Jaro\u0161, Daniel Kremnick\u00fd<br \/>\nkontakt: \u200bminfa@minfa.com\u200b , 0914 250 599; 0948 042 797<\/em><\/p>\n","protected":false},"excerpt":{"rendered":"<p>Ak sa chce\u0161 pribl\u00ed\u017ei\u0165 k Bohu, spozna\u0165 nov\u00fdch kamar\u00e1tov a za\u017ei\u0165 nov\u00e9 dobrodru\u017estv\u00e1, prihl\u00e1s sa na mini\u0161trantsk\u00fd t\u00e1bor MinFa, na ktor\u00fd \u0164a srde\u010dne poz\u00fdvaj\u00fa bohoslovci bratislavsk\u00e9ho semin\u00e1ra. T\u00e1bor bude v &#8230;<\/p>\n","protected":false},"author":5,"featured_media":1789,"comment_status":"closed","ping_status":"closed","sticky":false,"template":"","format":"video","meta":{"footnotes":""},"categories":[1],"tags":[],"class_list":["post-1788","post","type-post","status-publish","format-video","has-post-thumbnail","hentry","category-aktualne","post_format-post-format-video"],"_links":{"self":[{"href":"https:\/\/frantiskanihc.sk\/klastor\/wp-json\/wp\/v2\/posts\/1788","targetHints":{"allow":["GET"]}}],"collection":[{"href":"https:\/\/frantiskanihc.sk\/klastor\/wp-json\/wp\/v2\/posts"}],"about":[{"href":"https:\/\/frantiskanihc.sk\/klastor\/wp-json\/wp\/v2\/types\/post"}],"author":[{"embeddable":true,"href":"https:\/\/frantiskanihc.sk\/klastor\/wp-json\/wp\/v2\/users\/5"}],"replies":[{"embeddable":true,"href":"https:\/\/frantiskanihc.sk\/klastor\/wp-json\/wp\/v2\/comments?post=1788"}],"version-history":[{"count":1,"href":"https:\/\/frantiskanihc.sk\/klastor\/wp-json\/wp\/v2\/posts\/1788\/revisions"}],"predecessor-version":[{"id":1791,"href":"https:\/\/frantiskanihc.sk\/klastor\/wp-json\/wp\/v2\/posts\/1788\/revisions\/1791"}],"wp:featuredmedia":[{"embeddable":true,"href":"https:\/\/frantiskanihc.sk\/klastor\/wp-json\/wp\/v2\/media\/1789"}],"wp:attachment":[{"href":"https:\/\/frantiskanihc.sk\/klastor\/wp-json\/wp\/v2\/media?parent=1788"}],"wp:term":[{"taxonomy":"category","embeddable":true,"href":"https:\/\/frantiskanihc.sk\/klastor\/wp-json\/wp\/v2\/categories?post=1788"},{"taxonomy":"post_tag","embeddable":true,"href":"https:\/\/frantiskanihc.sk\/klastor\/wp-json\/wp\/v2\/tags?post=1788"}],"curies":[{"name":"wp","href":"https:\/\/api.w.org\/{rel}","templated":true}]}}