{"id":1727,"date":"2018-01-30T12:16:05","date_gmt":"2018-01-30T10:16:05","guid":{"rendered":"https:\/\/frantiskanihc.sk\/klastor\/?p=1727"},"modified":"2018-02-05T11:58:07","modified_gmt":"2018-02-05T09:58:07","slug":"ja-katarina-vam-pisem","status":"publish","type":"post","link":"https:\/\/frantiskanihc.sk\/klastor\/aktualne\/2018\/ja-katarina-vam-pisem\/","title":{"rendered":"Ja, Katar\u00edna, V\u00e1m p\u00ed\u0161em\u2026"},"content":{"rendered":"<p>Divadeln\u00e1 spolo\u010dnos\u0165 dobr\u00fdch kamar\u00e1tov V\u00e1s poz\u00fdva v <strong>nede\u013eu 4. febru\u00e1ra o 15:30 hod.<\/strong> na divadeln\u00e9 predstavenie zo \u017eivota sv\u00e4tej Katar\u00edny Sienskej pod n\u00e1zvom <em>\u201eJa, Katar\u00edna, V\u00e1m p\u00ed\u0161em\u2026\u201c<\/em>. <\/p>\n<p>Divadeln\u00e9 predstavenie sa uskuto\u010dn\u00ed u n\u00e1s v kostole. Vstupn\u00e9 je dobrovo\u013en\u00e9 a bude pou\u017eit\u00e9 na podporu rod\u00edn v n\u00fadzi a evanjeliza\u010dn\u00e9 \u00fa\u010dely. <\/p>\n<p>Predstavenie je vhodn\u00e9 pre deti od 6-7 rokov, nie pre ve\u013emi mal\u00e9 deti.<\/p>\n<p style=\"text-align: center;\"><em>V\u0161etk\u00fdch srde\u010dne poz\u00fdvame.<\/em><\/p>\n<p><a href=\"https:\/\/frantiskanihc.sk\/klastor\/wp-content\/uploads\/2018\/01\/2018_plagat_katarina_hlohovec.jpg\" data-rel=\"rgg-gallery-JPGnMihI\" data-rl_title=\"\" data-rl_caption=\"\" title=\"\"><img loading=\"lazy\" decoding=\"async\" width=\"1240\" height=\"1753\" src=\"https:\/\/frantiskanihc.sk\/klastor\/wp-content\/uploads\/2018\/01\/2018_plagat_katarina_hlohovec.jpg\" alt=\"Ja, Katar\u00edna, V\u00e1m p\u00ed\u0161em\u2026\" class=\"aligncenter size-full wp-image-1731\" srcset=\"https:\/\/frantiskanihc.sk\/klastor\/wp-content\/uploads\/2018\/01\/2018_plagat_katarina_hlohovec.jpg 1240w, https:\/\/frantiskanihc.sk\/klastor\/wp-content\/uploads\/2018\/01\/2018_plagat_katarina_hlohovec-212x300.jpg 212w, https:\/\/frantiskanihc.sk\/klastor\/wp-content\/uploads\/2018\/01\/2018_plagat_katarina_hlohovec-768x1086.jpg 768w, https:\/\/frantiskanihc.sk\/klastor\/wp-content\/uploads\/2018\/01\/2018_plagat_katarina_hlohovec-1087x1536.jpg 1087w\" sizes=\"auto, (max-width: 1240px) 100vw, 1240px\" \/><\/a><\/p>\n","protected":false},"excerpt":{"rendered":"<p>Divadeln\u00e1 spolo\u010dnos\u0165 dobr\u00fdch kamar\u00e1tov V\u00e1s poz\u00fdva v nede\u013eu 4. febru\u00e1ra o 15:30 hod. na divadeln\u00e9 predstavenie zo \u017eivota sv\u00e4tej Katar\u00edny Sienskej pod n\u00e1zvom \u201eJa, Katar\u00edna, V\u00e1m p\u00ed\u0161em\u2026\u201c. Divadeln\u00e9 predstavenie sa &#8230;<\/p>\n","protected":false},"author":5,"featured_media":1728,"comment_status":"closed","ping_status":"closed","sticky":false,"template":"","format":"standard","meta":{"footnotes":""},"categories":[1],"tags":[],"class_list":["post-1727","post","type-post","status-publish","format-standard","has-post-thumbnail","hentry","category-aktualne"],"_links":{"self":[{"href":"https:\/\/frantiskanihc.sk\/klastor\/wp-json\/wp\/v2\/posts\/1727","targetHints":{"allow":["GET"]}}],"collection":[{"href":"https:\/\/frantiskanihc.sk\/klastor\/wp-json\/wp\/v2\/posts"}],"about":[{"href":"https:\/\/frantiskanihc.sk\/klastor\/wp-json\/wp\/v2\/types\/post"}],"author":[{"embeddable":true,"href":"https:\/\/frantiskanihc.sk\/klastor\/wp-json\/wp\/v2\/users\/5"}],"replies":[{"embeddable":true,"href":"https:\/\/frantiskanihc.sk\/klastor\/wp-json\/wp\/v2\/comments?post=1727"}],"version-history":[{"count":5,"href":"https:\/\/frantiskanihc.sk\/klastor\/wp-json\/wp\/v2\/posts\/1727\/revisions"}],"predecessor-version":[{"id":1734,"href":"https:\/\/frantiskanihc.sk\/klastor\/wp-json\/wp\/v2\/posts\/1727\/revisions\/1734"}],"wp:featuredmedia":[{"embeddable":true,"href":"https:\/\/frantiskanihc.sk\/klastor\/wp-json\/wp\/v2\/media\/1728"}],"wp:attachment":[{"href":"https:\/\/frantiskanihc.sk\/klastor\/wp-json\/wp\/v2\/media?parent=1727"}],"wp:term":[{"taxonomy":"category","embeddable":true,"href":"https:\/\/frantiskanihc.sk\/klastor\/wp-json\/wp\/v2\/categories?post=1727"},{"taxonomy":"post_tag","embeddable":true,"href":"https:\/\/frantiskanihc.sk\/klastor\/wp-json\/wp\/v2\/tags?post=1727"}],"curies":[{"name":"wp","href":"https:\/\/api.w.org\/{rel}","templated":true}]}}