{"id":1528,"date":"2017-04-10T08:21:31","date_gmt":"2017-04-10T06:21:31","guid":{"rendered":"http:\/\/frantiskanihc.sk\/klastor\/?p=1528"},"modified":"2017-05-08T21:08:12","modified_gmt":"2017-05-08T19:08:12","slug":"uplne-odpustky-v-jubilejnom-roku-fatimskych-zjaveni","status":"publish","type":"post","link":"https:\/\/frantiskanihc.sk\/klastor\/aktualne\/2017\/uplne-odpustky-v-jubilejnom-roku-fatimskych-zjaveni\/","title":{"rendered":"\u00daplne odpustky v jubilejnom roku fatimsk\u00fdch zjaven\u00ed"},"content":{"rendered":"<p>Sv\u00e4t\u00fd Otec Franti\u0161ek kv\u00f4li d\u00f4stojnej\u0161iemu pre\u017e\u00edvaniu osl\u00e1v jubilejn\u00e9ho roka fatimsk\u00fdch zjaven\u00ed obdaroval \u00fapln\u00fdmi odpustkami &#8211; od 27. 11. 2016 do 26. 11. 2017 &#8211; v\u0161etk\u00fdch veriacich:<\/p>\n<ol>\n<li>Ktor\u00ed si vykonaj\u00fa <strong>p\u00fa\u0165 do Fatimy<\/strong>, s \u00factou sa z\u00fa\u010dastnia niektorej sl\u00e1vnost\u00ed \u010di modlitby ku cti Panny M\u00e1rie, pomodlia sa Ot\u010de n\u00e1\u0161, vyznanie viery (Ver\u00edm v Boha&#8230;) a bud\u00fa vz\u00fdva\u0165 Pannu M\u00e1riu Fatimsk\u00fa.<\/li>\n<li>Ktor\u00ed si <strong>zbo\u017ene uctia sochu Panny M\u00e1rie Fatimskej<\/strong>, ktor\u00e1 je sl\u00e1vnostne vystaven\u00e1 k verejnej \u00facte v ktoromko\u013evek chr\u00e1me, orat\u00f3riu alebo inom vhodnom mieste, vo v\u00fdro\u010dn\u00fdch d\u0148och zjaven\u00ed (<strong>v\u017edy 13. de\u0148 mesiaca &#8211; od m\u00e1ja a\u017e do okt\u00f3bra<\/strong>) a kto sa s \u00factou <strong>z\u00fa\u010dastn\u00ed niektorej sl\u00e1vnosti \u010di modlitby ku cti Panny M\u00e1rie<\/strong>, pomodl\u00ed sa Ot\u010de n\u00e1\u0161, vyznanie viery (Ver\u00edm v Boha&#8230;) a bude vz\u00fdva\u0165 Pannu M\u00e1riu Fatimsk\u00fa.<\/li>\n<li>Ktor\u00ed vzh\u013eadom na svoj vek, chorobu alebo z in\u00e9ho v\u00e1\u017eneho d\u00f4vodu, nem\u00f4\u017eu cestova\u0165, robia pok\u00e1nie zo v\u0161etk\u00fdch svojich hriechov s predsavzat\u00edm splni\u0165, ke\u010f im to bude mo\u017en\u00e9, tri podmienky (sv\u00e4t\u00e1 spove\u010f, sv\u00e4t\u00e9 prij\u00edmanie, modlitba na \u00famysel Sv\u00e4t\u00e9ho Otca) a pred malou so\u0161kou Panny M\u00e1rie Fatimskej, vo v\u00fdro\u010dit\u00fdch d\u0148och zjaven\u00ed (<strong>v\u017edy 13. de\u0148 mesiaca &#8211; od m\u00e1ja a\u017e do okt\u00f3bra<\/strong>), sa <strong>duchovne spoja s oslavami jubilea<\/strong>, pri\u010dom s d\u00f4verou odovzdaj\u00fa svoje modlitby a bolesti alebo obety svojho \u017eivota skrze Pannu M\u00e1riu milosrdn\u00e9mu Bohu.<\/li>\n<\/ol>\n<p>K z\u00edskaniu \u00fapln\u00fdch odpustkov treba, aby veriaci robili prav\u00e9 pok\u00e1nie a splnili obvykl\u00e9 podmienky: sv\u00e4t\u00e1 spove\u010f, sv\u00e4t\u00e9 prij\u00edmanie, modlitba na \u00famysel Sv\u00e4t\u00e9ho Otca.<\/p>\n<p style=\"text-align: right;\">Sekretari\u00e1t WAF<br \/>\n(World Apo\u0161tolate of Fatima)<\/p>\n","protected":false},"excerpt":{"rendered":"<p>Sv\u00e4t\u00fd Otec Franti\u0161ek kv\u00f4li d\u00f4stojnej\u0161iemu pre\u017e\u00edvaniu osl\u00e1v jubilejn\u00e9ho roka fatimsk\u00fdch zjaven\u00ed obdaroval \u00fapln\u00fdmi odpustkami &#8211; od 27. 11. 2016 do 26. 11. 2017 &#8211; v\u0161etk\u00fdch veriacich: Ktor\u00ed si vykonaj\u00fa p\u00fa\u0165 &#8230;<\/p>\n","protected":false},"author":5,"featured_media":1533,"comment_status":"closed","ping_status":"closed","sticky":false,"template":"","format":"standard","meta":{"footnotes":""},"categories":[1],"tags":[],"class_list":["post-1528","post","type-post","status-publish","format-standard","has-post-thumbnail","hentry","category-aktualne"],"_links":{"self":[{"href":"https:\/\/frantiskanihc.sk\/klastor\/wp-json\/wp\/v2\/posts\/1528","targetHints":{"allow":["GET"]}}],"collection":[{"href":"https:\/\/frantiskanihc.sk\/klastor\/wp-json\/wp\/v2\/posts"}],"about":[{"href":"https:\/\/frantiskanihc.sk\/klastor\/wp-json\/wp\/v2\/types\/post"}],"author":[{"embeddable":true,"href":"https:\/\/frantiskanihc.sk\/klastor\/wp-json\/wp\/v2\/users\/5"}],"replies":[{"embeddable":true,"href":"https:\/\/frantiskanihc.sk\/klastor\/wp-json\/wp\/v2\/comments?post=1528"}],"version-history":[{"count":5,"href":"https:\/\/frantiskanihc.sk\/klastor\/wp-json\/wp\/v2\/posts\/1528\/revisions"}],"predecessor-version":[{"id":1535,"href":"https:\/\/frantiskanihc.sk\/klastor\/wp-json\/wp\/v2\/posts\/1528\/revisions\/1535"}],"wp:featuredmedia":[{"embeddable":true,"href":"https:\/\/frantiskanihc.sk\/klastor\/wp-json\/wp\/v2\/media\/1533"}],"wp:attachment":[{"href":"https:\/\/frantiskanihc.sk\/klastor\/wp-json\/wp\/v2\/media?parent=1528"}],"wp:term":[{"taxonomy":"category","embeddable":true,"href":"https:\/\/frantiskanihc.sk\/klastor\/wp-json\/wp\/v2\/categories?post=1528"},{"taxonomy":"post_tag","embeddable":true,"href":"https:\/\/frantiskanihc.sk\/klastor\/wp-json\/wp\/v2\/tags?post=1528"}],"curies":[{"name":"wp","href":"https:\/\/api.w.org\/{rel}","templated":true}]}}