{"id":1501,"date":"2017-02-27T11:40:29","date_gmt":"2017-02-27T09:40:29","guid":{"rendered":"http:\/\/frantiskanihc.sk\/klastor\/?p=1501"},"modified":"2017-02-27T11:49:53","modified_gmt":"2017-02-27T09:49:53","slug":"zbierka-na-trnavsku-katolicku-charitu","status":"publish","type":"post","link":"https:\/\/frantiskanihc.sk\/klastor\/aktualne\/2017\/zbierka-na-trnavsku-katolicku-charitu\/","title":{"rendered":"Zbierka na Trnavsk\u00fa katol\u00edcku charitu"},"content":{"rendered":"<p><img loading=\"lazy\" decoding=\"async\" width=\"2480\" height=\"1169\" src=\"http:\/\/frantiskanihc.sk\/klastor\/wp-content\/uploads\/2017\/02\/zbierka.jpg\" alt=\"Zbierka na Trnavsk\u00fa katol\u00edcku charitu\" class=\"aligncenter size-full wp-image-1506\" srcset=\"https:\/\/frantiskanihc.sk\/klastor\/wp-content\/uploads\/2017\/02\/zbierka.jpg 2480w, https:\/\/frantiskanihc.sk\/klastor\/wp-content\/uploads\/2017\/02\/zbierka-300x141.jpg 300w, https:\/\/frantiskanihc.sk\/klastor\/wp-content\/uploads\/2017\/02\/zbierka-768x362.jpg 768w, https:\/\/frantiskanihc.sk\/klastor\/wp-content\/uploads\/2017\/02\/zbierka-1536x724.jpg 1536w, https:\/\/frantiskanihc.sk\/klastor\/wp-content\/uploads\/2017\/02\/zbierka-2048x965.jpg 2048w\" sizes=\"auto, (max-width: 2480px) 100vw, 2480px\" \/><\/p>\n<p>Na bud\u00facu nede\u013eu je zbierka na <a href=\"http:\/\/www.charitatt.sk\/\" target=\"_blank\">Trnavsk\u00fa katol\u00edcku charitu<\/a>. Viac inform\u00e1cii o jej \u010dinnosti sa m\u00f4\u017eete pre\u010d\u00edta\u0165 ni\u017e\u0161ie.<\/p>\n<p>Trnavsk\u00e1 arcidiec\u00e9zna charita u\u017e 25 rokov pom\u00e1ha v\u0161etk\u00fdm \u013eu\u010fom v n\u00fadzi, ktor\u00ed pomoc potrebuj\u00fa a sami si pom\u00f4c\u0165 nedok\u00e1\u017eu.<br \/>\nAj v\u010faka podpore verejnosti dok\u00e1\u017ee by\u0165 re\u00e1lnou pomocou pre viac ako 1800 \u013eud\u00ed ro\u010dne.<\/p>\n<p>V minuloro\u010dnom p\u00f4stnom obdob\u00ed p\u00e1pe\u017e Franti\u0161ek na svoj Tweet nap\u00edsal: <em>\u201ePo\u010das p\u00f4stneho obdobia h\u013eadajme konkr\u00e9tne sp\u00f4soby, ako prekona\u0165 na\u0161u \u013eahostajnos\u0165.\u201c<\/em><\/p>\n<p>V zmysle tohto v\u00fdroku pros\u00edme o Va\u0161u pomoc a podporu zbierky na charitu, ktor\u00e1 sa tento rok kon\u00e1 5.marca 2017 v katol\u00edckych kostoloch. Rovnako pros\u00edme, aj o povzbudenie Va\u0161ich priate\u013eov k solidarite s n\u00fadznymi. Podporu je mo\u017en\u00e9 uskuto\u010dni\u0165 aj vkladom \u010di prevodom na bankov\u00fd \u00fa\u010det Trnavskej arcidiec\u00e9znej charity SK71 7500 0000 0040 0829 7855<\/p>\n<p>Trnavsk\u00e1 arcidiec\u00e9zna charita postupne roz\u0161iruje charitn\u00e9 slu\u017eby do mnoh\u00fdch farnost\u00ed na\u0161ej diec\u00e9zy.<\/p>\n<p>S Va\u0161ou pomocou sme mohli uskuto\u010dni\u0165 aj tieto aktivity:<\/p>\n<ul>\n<li>Dobudova\u0165 a prev\u00e1dzkova\u0165 Centr\u00e1 pomoci \u010dloveku v <a href=\"http:\/\/www.charitatt.sk\/nase-sluzby\/centra-pre-ludi-v-nudzi\/centrum-pomoci-cloveku-trnava\/\" target=\"_blank\">Trnave<\/a>, <a href=\"http:\/\/www.charitatt.sk\/nase-sluzby\/centra-pre-ludi-v-nudzi\/centrum-pomoci-cloveku-sered\/\" target=\"_blank\">Seredi<\/a> a <a href=\"http:\/\/www.charitatt.sk\/nase-sluzby\/centra-pre-ludi-v-nudzi\/centrum-pomoci-cloveku-piestany\/\" target=\"_blank\">Pie\u0161\u0165anoch<\/a><\/li>\n<li>Rozv\u00edja\u0165 <a href=\"http:\/\/www.charitatt.sk\/materialna-a-potravinova-pomoc\/\" target=\"_blank\">projekt materi\u00e1lnej a potravinovej pomoci<\/a> odk\u00e1zan\u00fdm<\/li>\n<li><a href=\"http:\/\/www.charitatt.sk\/streetwork\/\" target=\"_blank\">Realizova\u0165 projekt ter\u00e9nnej pr\u00e1ce s \u013eu\u010fmi \u017eij\u00facimi na ulici<\/a><\/li>\n<li><a href=\"http:\/\/www.charitatt.sk\/pracovna-dielna-sv-heleny\/\" target=\"_blank\">Zriadi\u0165 a prev\u00e1dzkova\u0165 pracovno-terapeutick\u00fa diel\u0148u<\/a> sv. Heleny pre bezdomovcov<\/li>\n<li><a href=\"http:\/\/www.charitatt.sk\/nase-sluzby\/farske-charity\/\" target=\"_blank\">Podporova\u0165 \u010dinnos\u0165 farsk\u00fdch char\u00edt<\/a> v Trnavskej arcidiec\u00e9ze<\/li>\n<\/ul>\n<p style=\"text-align: center;\"><strong>Pros\u00edme, podporte slu\u017eby charity aj v tohtoro\u010dnej jarnej zbierke.<\/strong><br \/>\n<strong>\u010eakujeme.<\/strong><\/p>\n<p style=\"text-align: right;\">\nIng. Miroslav Dzurech<br \/>\n<small>riadite\u013e Trnavskej arcidiec\u00e9znej charity.<small><\/p>\n","protected":false},"excerpt":{"rendered":"<p>Na bud\u00facu nede\u013eu je zbierka na Trnavsk\u00fa katol\u00edcku charitu. Viac inform\u00e1cii o jej \u010dinnosti sa m\u00f4\u017eete pre\u010d\u00edta\u0165 ni\u017e\u0161ie. Trnavsk\u00e1 arcidiec\u00e9zna charita u\u017e 25 rokov pom\u00e1ha v\u0161etk\u00fdm \u013eu\u010fom v n\u00fadzi, ktor\u00ed &#8230;<\/p>\n","protected":false},"author":5,"featured_media":1506,"comment_status":"closed","ping_status":"closed","sticky":false,"template":"","format":"video","meta":{"footnotes":""},"categories":[1],"tags":[],"class_list":["post-1501","post","type-post","status-publish","format-video","has-post-thumbnail","hentry","category-aktualne","post_format-post-format-video"],"_links":{"self":[{"href":"https:\/\/frantiskanihc.sk\/klastor\/wp-json\/wp\/v2\/posts\/1501","targetHints":{"allow":["GET"]}}],"collection":[{"href":"https:\/\/frantiskanihc.sk\/klastor\/wp-json\/wp\/v2\/posts"}],"about":[{"href":"https:\/\/frantiskanihc.sk\/klastor\/wp-json\/wp\/v2\/types\/post"}],"author":[{"embeddable":true,"href":"https:\/\/frantiskanihc.sk\/klastor\/wp-json\/wp\/v2\/users\/5"}],"replies":[{"embeddable":true,"href":"https:\/\/frantiskanihc.sk\/klastor\/wp-json\/wp\/v2\/comments?post=1501"}],"version-history":[{"count":7,"href":"https:\/\/frantiskanihc.sk\/klastor\/wp-json\/wp\/v2\/posts\/1501\/revisions"}],"predecessor-version":[{"id":1509,"href":"https:\/\/frantiskanihc.sk\/klastor\/wp-json\/wp\/v2\/posts\/1501\/revisions\/1509"}],"wp:featuredmedia":[{"embeddable":true,"href":"https:\/\/frantiskanihc.sk\/klastor\/wp-json\/wp\/v2\/media\/1506"}],"wp:attachment":[{"href":"https:\/\/frantiskanihc.sk\/klastor\/wp-json\/wp\/v2\/media?parent=1501"}],"wp:term":[{"taxonomy":"category","embeddable":true,"href":"https:\/\/frantiskanihc.sk\/klastor\/wp-json\/wp\/v2\/categories?post=1501"},{"taxonomy":"post_tag","embeddable":true,"href":"https:\/\/frantiskanihc.sk\/klastor\/wp-json\/wp\/v2\/tags?post=1501"}],"curies":[{"name":"wp","href":"https:\/\/api.w.org\/{rel}","templated":true}]}}