{"id":1491,"date":"2021-03-19T11:20:47","date_gmt":"2021-03-19T09:20:47","guid":{"rendered":"http:\/\/frantiskanihc.sk\/klastor\/?p=1491"},"modified":"2022-03-14T13:14:44","modified_gmt":"2022-03-14T11:14:44","slug":"tlaciva-na-darovanie-2-z-dane","status":"publish","type":"post","link":"https:\/\/frantiskanihc.sk\/klastor\/aktualne\/2021\/tlaciva-na-darovanie-2-z-dane\/","title":{"rendered":"Tla\u010div\u00e1 na darovanie 2% z dane"},"content":{"rendered":"<p>Pros\u00edme v\u00e1s o pr\u00edspevok 2% z dane na na\u0161e ob\u010dianske zdru\u017eenie Franti\u0161kanika, ktor\u00e9 sl\u00fa\u017ei na opravy na\u0161ich kl\u00e1\u0161torov a kostolov. Taktie\u017e <strong>cez Franti\u0161kaniku je mo\u017en\u00e9 priamo podpori\u0165 aj na\u0161e pastora\u010dn\u00e9 centrum krTko<\/strong>. V takom pr\u00edpade je potrebn\u00e9 donies\u0165 prefoten\u00e9 tla\u010divo o pouk\u00e1zan\u00ed dane, alebo da\u0148ov\u00e9 priznanie (strana o pouk\u00e1zan\u00ed 2%) do Krtka, aby sme o Va\u0161om pr\u00edspevku vedeli. Tla\u010diva s \u00fadajmi n\u00e1jdete na na\u0161ej str\u00e1nke alebo v sakrestii.<\/p>\n<p>Prostriedky z\u00edskan\u00e9 prostredn\u00edctvom o. z. FRANTI\u0160KANIKA s\u00fa pou\u017e\u00edvan\u00e9 na opravy na\u0161ich budov &#8211; kostolov a kl\u00e1\u0161torov (v\u00e4\u010d\u0161inou ide o historick\u00e9 pamiatky) a na podporu pastora\u010dn\u00fdch aktiv\u00edt. Prostriedky z\u00edskan\u00e9 prostredn\u00edctvom o. z. GIFRA vyu\u017eijeme v slu\u017ebe pre mlad\u00fdch.<\/p>\n<p>Predvyplnen\u00e9 tla\u010divo pre darovanie 2-3% z dan\u00ed pre o. z. <strong>FRANTI\u0160KANIKA<\/strong> n\u00e1jdete na <a href=\"https:\/\/www.frantiskani.sk\/spravy\/596\/tlaciva-na-darovanie-2-3-z-dane\" rel=\"noopener\" target=\"_blank\">frantiskani.sk<\/a>.<\/p>\n<p>V pr\u00edpade ak\u00fdchko\u013evek ot\u00e1zok t\u00fdkaj\u00facich sa zprostredkovania 2-3% z dane, sa m\u00f4\u017eete obr\u00e1ti\u0165 na ekonomika@frantiskani.sk.<\/p>\n<p style=\"text-align: center;\"><em>\u010eAKUJEME!!! P\u00c1N BOH ODPLA\u0164!!!<\/em><\/p>\n","protected":false},"excerpt":{"rendered":"<p>Pros\u00edme v\u00e1s o pr\u00edspevok 2% z dane na na\u0161e ob\u010dianske zdru\u017eenie Franti\u0161kanika, ktor\u00e9 sl\u00fa\u017ei na opravy na\u0161ich kl\u00e1\u0161torov a kostolov. Taktie\u017e cez Franti\u0161kaniku je mo\u017en\u00e9 priamo podpori\u0165 aj na\u0161e pastora\u010dn\u00e9 &#8230;<\/p>\n","protected":false},"author":5,"featured_media":1494,"comment_status":"closed","ping_status":"closed","sticky":false,"template":"","format":"standard","meta":{"footnotes":""},"categories":[1],"tags":[],"class_list":["post-1491","post","type-post","status-publish","format-standard","has-post-thumbnail","hentry","category-aktualne"],"_links":{"self":[{"href":"https:\/\/frantiskanihc.sk\/klastor\/wp-json\/wp\/v2\/posts\/1491","targetHints":{"allow":["GET"]}}],"collection":[{"href":"https:\/\/frantiskanihc.sk\/klastor\/wp-json\/wp\/v2\/posts"}],"about":[{"href":"https:\/\/frantiskanihc.sk\/klastor\/wp-json\/wp\/v2\/types\/post"}],"author":[{"embeddable":true,"href":"https:\/\/frantiskanihc.sk\/klastor\/wp-json\/wp\/v2\/users\/5"}],"replies":[{"embeddable":true,"href":"https:\/\/frantiskanihc.sk\/klastor\/wp-json\/wp\/v2\/comments?post=1491"}],"version-history":[{"count":12,"href":"https:\/\/frantiskanihc.sk\/klastor\/wp-json\/wp\/v2\/posts\/1491\/revisions"}],"predecessor-version":[{"id":2365,"href":"https:\/\/frantiskanihc.sk\/klastor\/wp-json\/wp\/v2\/posts\/1491\/revisions\/2365"}],"wp:featuredmedia":[{"embeddable":true,"href":"https:\/\/frantiskanihc.sk\/klastor\/wp-json\/wp\/v2\/media\/1494"}],"wp:attachment":[{"href":"https:\/\/frantiskanihc.sk\/klastor\/wp-json\/wp\/v2\/media?parent=1491"}],"wp:term":[{"taxonomy":"category","embeddable":true,"href":"https:\/\/frantiskanihc.sk\/klastor\/wp-json\/wp\/v2\/categories?post=1491"},{"taxonomy":"post_tag","embeddable":true,"href":"https:\/\/frantiskanihc.sk\/klastor\/wp-json\/wp\/v2\/tags?post=1491"}],"curies":[{"name":"wp","href":"https:\/\/api.w.org\/{rel}","templated":true}]}}