{"id":1477,"date":"2017-02-06T10:48:48","date_gmt":"2017-02-06T08:48:48","guid":{"rendered":"http:\/\/frantiskanihc.sk\/klastor\/?p=1477"},"modified":"2017-05-08T21:07:57","modified_gmt":"2017-05-08T19:07:57","slug":"put-mladych-do-assisi","status":"publish","type":"post","link":"https:\/\/frantiskanihc.sk\/klastor\/aktualne\/2017\/put-mladych-do-assisi\/","title":{"rendered":"P\u00fa\u0165 mlad\u00fdch do Assisi"},"content":{"rendered":"<p><a href=\"http:\/\/frantiskanihc.sk\/klastor\/wp-content\/uploads\/2017\/02\/put-assisi-2017.jpg\" data-rel=\"rgg-gallery-Py1u39ni\" data-rl_title=\"\" data-rl_caption=\"\" title=\"\"><img loading=\"lazy\" decoding=\"async\" width=\"1500\" height=\"1000\" src=\"http:\/\/frantiskanihc.sk\/klastor\/wp-content\/uploads\/2017\/02\/put-assisi-2017.jpg\" alt=\"P\u00fa\u0165 mlad\u00fdch do Assisi\" class=\"aligncenter size-full wp-image-1481\" srcset=\"https:\/\/frantiskanihc.sk\/klastor\/wp-content\/uploads\/2017\/02\/put-assisi-2017.jpg 1500w, https:\/\/frantiskanihc.sk\/klastor\/wp-content\/uploads\/2017\/02\/put-assisi-2017-300x200.jpg 300w, https:\/\/frantiskanihc.sk\/klastor\/wp-content\/uploads\/2017\/02\/put-assisi-2017-768x512.jpg 768w\" sizes=\"auto, (max-width: 1500px) 100vw, 1500px\" \/><\/a><\/p>\n<p>P\u00fa\u0165 a duchovn\u00e1 obnova mlad\u00fdch (25-35r.) na miestach \u017eivota sv.Franti\u0161ka 28.4 &#8211; 5.5.2017 v Taliansku<\/p>\n<p>T\u00e1to p\u00fa\u0165 a duchovn\u00e1 obnova na miestach \u017eivota sv. Franti\u0161ka je ur\u010den\u00e1 pre mlad\u00fdch vo veku 25-35 rokov.<\/p>\n<p>PRIHLASOVAC\u00cd FORMUL\u00c1R: <a href=\"https:\/\/docs.google.com\/forms\/d\/1blvSvQn_cm0fzR1xHebMiDc1gOvkc2EWVtHjjk522i0\/prefill\" target=\"_blank\">ASSISI JAR 2017<\/a><\/p>\n<p>Jej cie\u013eom je spozna\u0165, \u010di preh\u013abi\u0165 duchovn\u00fd odkaz Franti\u0161ka z Assisi na miestach jeho \u017eivota: Assisi, Porziuncola, Carceri, Poggio Bustone, Fonte Colombo, Greccio, La Verna a mo\u017eno i \u010fal\u0161\u00edch.<\/p>\n<p>V \u00favode p\u00fate sa zastav\u00edme i v Padove pri hrobe sv\u00e4tcov: Sv.Antona Padu\u00e1nskeho, Sv.Luk\u00e1\u0161a i sv. Leopolda Mandi\u010da. Na z\u00e1ver p\u00fate je mo\u017en\u00e9 si pobyt v Taliansku predl\u017ei\u0165 o jeden de\u0148 n\u00e1v\u0161tevou Ben\u00e1tok. Bude to z\u00e1visie\u0165 od v\u00e1\u0161ho z\u00e1ujmu, ktor\u00fd m\u00f4\u017ete vyjadri\u0165 vo formul\u00e1ri ni\u017e\u0161ie.<\/p>\n<p>P\u00fa\u0165 pripravujeme v spolupr\u00e1ci bratov franti\u0161k\u00e1nov, minoritov a \u0160kolsk\u00fdch sestier sv.Franti\u0161ka.<\/p>\n<p>Sprievodcovia duchovn\u00e9 doprev\u00e1dzanie: sr. Pacifika a br.Jozef + pravdepodobne \u010fal\u0161\u00ed bratia.<\/p>\n<p>Term\u00edn: piatok 28 apr\u00edla 2017 odchod v noci &#8211; n\u00e1vrat piatok 5 m\u00e1ja 2017 ve\u010der. Trasa: Padova &#8211; Assisi (Star\u00e9 Assisi, Porziuncola, Carceri)- kl\u00e1\u0161tory v Rietskom \u00fadoli (Greccio, Poggio Bustone, Fonte Colombo) &#8211; La Verna.<\/p>\n<p>Cenu predbe\u017ene 370 \u20ac v cene je zahrnut\u00e9: <\/p>\n<ul>\n<li>ubytovanie: 5x noc v Assisi, 1x noc na La Verne<\/li>\n<li>strava je zabezpe\u010den\u00e1 \u010diasto\u010dne &#8211; ra\u0148ajky, ve\u010dera, obedy e\u0161te rie\u0161ime<\/li>\n<li>poistenie e\u0161te upresn\u00edme<\/li>\n<\/ul>\n<p>Prihl\u00e1senie je platn\u00e9 iba so zaplaten\u00edm z\u00e1lohy 150\u20ac alebo celej sumy prevodom na \u00fa\u010det, alebo v hotovosti br.Jozefovi OFM v Bratislave.<\/p>\n<p>Platbu uskuto\u010dnite na \u00fa\u010det OZ Franti\u0161k\u00e1nska ml\u00e1de\u017e GIFRA:<\/p>\n<ul>\n<li>IBAN: SK5583300000002200735879<\/li>\n<li>BIC\/SWIFT: FIOZSKBAXXX<\/li>\n<li>Variabiln\u00fd symbol: V\u00e1\u0161 d\u00e1tum narodenia v tvare DDMMRRRR<\/li>\n<li>\u0160pecifick\u00fd symbol: Va\u0161e telef\u00f3nne \u010d\u00edslo (ktor\u00e9 uvediete v tomto formul\u00e1ri)<\/li>\n<li>Pozn\u00e1mka: Va\u0161e meno a priezvisko<\/li>\n<\/ul>\n<p>Po\u010det miest je obmedzen\u00fd.<\/p>\n<p>Prihlasovanie najnesk\u00f4r do konca marca.<\/p>\n<p>Ak by ste nemohli cestova\u0165 (z ak\u00fdchko\u013evek d\u00f4vodov) &#8211; z\u00e1lohu nevraciame.<\/p>\n<p>Viac info: 0915\/070532, alebo mailom na: gifra.sk@gmail.com<\/p>\n","protected":false},"excerpt":{"rendered":"<p>P\u00fa\u0165 a duchovn\u00e1 obnova mlad\u00fdch (25-35r.) na miestach \u017eivota sv.Franti\u0161ka 28.4 &#8211; 5.5.2017 v Taliansku T\u00e1to p\u00fa\u0165 a duchovn\u00e1 obnova na miestach \u017eivota sv. Franti\u0161ka je ur\u010den\u00e1 pre mlad\u00fdch vo &#8230;<\/p>\n","protected":false},"author":5,"featured_media":1483,"comment_status":"closed","ping_status":"closed","sticky":false,"template":"","format":"video","meta":{"footnotes":""},"categories":[1],"tags":[],"class_list":["post-1477","post","type-post","status-publish","format-video","has-post-thumbnail","hentry","category-aktualne","post_format-post-format-video"],"_links":{"self":[{"href":"https:\/\/frantiskanihc.sk\/klastor\/wp-json\/wp\/v2\/posts\/1477","targetHints":{"allow":["GET"]}}],"collection":[{"href":"https:\/\/frantiskanihc.sk\/klastor\/wp-json\/wp\/v2\/posts"}],"about":[{"href":"https:\/\/frantiskanihc.sk\/klastor\/wp-json\/wp\/v2\/types\/post"}],"author":[{"embeddable":true,"href":"https:\/\/frantiskanihc.sk\/klastor\/wp-json\/wp\/v2\/users\/5"}],"replies":[{"embeddable":true,"href":"https:\/\/frantiskanihc.sk\/klastor\/wp-json\/wp\/v2\/comments?post=1477"}],"version-history":[{"count":5,"href":"https:\/\/frantiskanihc.sk\/klastor\/wp-json\/wp\/v2\/posts\/1477\/revisions"}],"predecessor-version":[{"id":1486,"href":"https:\/\/frantiskanihc.sk\/klastor\/wp-json\/wp\/v2\/posts\/1477\/revisions\/1486"}],"wp:featuredmedia":[{"embeddable":true,"href":"https:\/\/frantiskanihc.sk\/klastor\/wp-json\/wp\/v2\/media\/1483"}],"wp:attachment":[{"href":"https:\/\/frantiskanihc.sk\/klastor\/wp-json\/wp\/v2\/media?parent=1477"}],"wp:term":[{"taxonomy":"category","embeddable":true,"href":"https:\/\/frantiskanihc.sk\/klastor\/wp-json\/wp\/v2\/categories?post=1477"},{"taxonomy":"post_tag","embeddable":true,"href":"https:\/\/frantiskanihc.sk\/klastor\/wp-json\/wp\/v2\/tags?post=1477"}],"curies":[{"name":"wp","href":"https:\/\/api.w.org\/{rel}","templated":true}]}}