{"id":1417,"date":"2016-12-29T21:27:22","date_gmt":"2016-12-29T19:27:22","guid":{"rendered":"http:\/\/frantiskanihc.sk\/klastor\/?p=1417"},"modified":"2017-04-18T11:04:15","modified_gmt":"2017-04-18T09:04:15","slug":"tradicny-vianocny-beneficny-koncert","status":"publish","type":"post","link":"https:\/\/frantiskanihc.sk\/klastor\/aktualne\/2016\/tradicny-vianocny-beneficny-koncert\/","title":{"rendered":"Tradi\u010dn\u00fd Viano\u010dn\u00fd benefi\u010dn\u00fd koncert"},"content":{"rendered":"<div class=\"video-container\"><iframe src=\"http:\/\/www.youtube.com\/embed\/pGFReteNQpE\"><\/iframe><\/div>\n<p>Op\u00e4\u0165 n\u00e1m ne\u017ene zaklopali na dvere najkraj\u0161ie sviatky roka \u2013 Vianoce. Viac si uvedomujeme silu priate\u013estva, \u00facty, obetavosti a\u00a0\u013eudskej spolupatri\u010dnosti. Svojimi \u010dinmi a\u00a0postojmi vyjadrujeme svoj \u00faprimn\u00fd vz\u0165ah k\u00a0\u017eivotu \u2013 k\u00a0\u013eu\u010fom. <\/p>\n<p>Zmie\u0161an\u00fd chr\u00e1mov\u00fd zbor pri Franti\u0161k\u00e1nskom kostole v\u00a0Hlohovci pod veden\u00edm Michala Vavra usporiadal d\u0148a 26. decembra 2016 Viano\u010dn\u00fd benefi\u010dn\u00fd koncert, ktor\u00fd sa uskuto\u010dnil v\u00a0kostole Franti\u0161k\u00e1nskeho kl\u00e1\u0161tora o\u00a016.00hod.<\/p>\n<p>Lavice kostola sa r\u00fdchlo zap\u013a\u0148ali, chv\u00ed\u013ea nap\u00e4tia a\u00a0koncert mohol za\u010da\u0165 znie\u0165. \u00davodn\u00fdm slovom sa prihovorila  Dagmar Ban\u00e1kov\u00e1, ktor\u00e1 \u00a0priv\u00edtala vz\u00e1cnych host\u00ed, \u00fa\u010dinkuj\u00facich a\u00a0v\u0161etk\u00fdch pr\u00edtomn\u00fdch.<br \/>\nSvojou virtuozitou pote\u0161ili pr\u00edtomn\u00fdch Gabriela Drgo\u0148ov\u00e1 hrou na klav\u00edr a\u00a0Katar\u00edna Luk\u0161icov\u00e1 hrou na flautu.<\/p>\n<p>Mil\u00fdm hos\u0165om bola rod\u00e1\u010dka z\u00a0Hlohovca pani M\u00e1ria Lederleitnerov\u00e1-Kov\u00e1\u010dov\u00e1, \u010dlenka opernej sc\u00e9ny SND v Bratislave, ktor\u00e1 svojim spevom umocnila sl\u00e1vnostn\u00fa atmosf\u00e9ru koncertu.<\/p>\n<p>Pr\u00edjemn\u00fdm osvie\u017een\u00edm bolo i umeleck\u00e9 slovo, ktor\u00e9 zaznelo v\u00a0podan\u00ed: B. Brestovansk\u00fd, J. Dzurech, E. Luhov\u00e1 a\u00a0K. S\u00fakupov\u00e1. <\/p>\n<p>Zazneli skladby velik\u00e1nov v\u00e1\u017enej hudby, viano\u010dn\u00e9 mel\u00f3die a\u00a0koledy. Srdce pookrialo v\u0161etk\u00fdm gener\u00e1ci\u00e1m nach\u00e1dzaj\u00facich sa v\u00a0kostole. Viano\u010dn\u00e1  atmosf\u00e9ra koncertu vyk\u00fazlila \u00fasmev na tv\u00e1rach pr\u00edtomn\u00fdch div\u00e1kov , ktor\u00fd je najkraj\u0161\u00edm prejavom \u0161\u0165astn\u00fdch a\u00a0spokojn\u00fdch \u013eud\u00ed.<\/p>\n<p>Piese\u0148 Tich\u00e1 noc zaznela na z\u00e1ver v\u00a0podan\u00ed v\u0161etk\u00fdch pr\u00edtomn\u00fdch.<\/p>\n<p>Vyzbieran\u00e9 prostriedky z\u00a0dobrovo\u013en\u00e9ho vstupn\u00e9ho,  boli  venovan\u00e9 OZ SAMARIA na podporu \u013eu\u010fom v\u00a0n\u00fadzi. Pomoc  \u013eu\u010fom v\u00a0n\u00fadzi realizuje  OZ SAMARIA v\u010faka osobn\u00e9mu nasadeniu  a\u00a0finan\u010dnej pomoci dobrovo\u013en\u00edkov.<\/p>\n<p>Benefi\u010dn\u00fd koncert sa mohol uskuto\u010dni\u0165 aj v\u010faka podpore na\u0161ich sponzorov: PSA Group, bratia franti\u0161k\u00e1ni, mesto Hlohovec a\u00a0\u010fal\u0161\u00edm, ktor\u00fdm touto cesto srde\u010dne \u010fakujeme. \u00daprimn\u00e9 po\u010fakovanie patr\u00ed pani M\u00e1rii Voz\u00e1rovej, inici\u00e1torke , scen\u00e1ristke a\u00a0re\u017eis\u00e9rke Viano\u010dn\u00e9ho benefi\u010dn\u00e9ho koncertu. Rovnako\u00a0tie\u017e v\u0161etk\u00fdm t\u00fdm, ktor\u00ed sa akouko\u013evek formou podie\u013eali na jeho realiz\u00e1cii . <\/p>\n<p style=\"text-align: right;\"><small><em>OZ<\/em><\/small> <em>SAMARIA<\/em><\/p>\n<div id='gallery-1' class='gallery galleryid-1417 gallery-columns-3 gallery-size-medium'><figure class='gallery-item'>\n\t\t\t<div class='gallery-icon landscape'>\n\t\t\t\t<a href='https:\/\/frantiskanihc.sk\/klastor\/wp-content\/uploads\/2017\/01\/koncert-2016-1.jpg' title=\"\" data-rl_title=\"\" class=\"rl-gallery-link\" data-rl_caption=\"\" data-rel=\"rgg-gallery-1\"><img loading=\"lazy\" decoding=\"async\" width=\"300\" height=\"198\" src=\"https:\/\/frantiskanihc.sk\/klastor\/wp-content\/uploads\/2017\/01\/koncert-2016-1-300x198.jpg\" class=\"attachment-medium size-medium\" alt=\"\" srcset=\"https:\/\/frantiskanihc.sk\/klastor\/wp-content\/uploads\/2017\/01\/koncert-2016-1-300x198.jpg 300w, https:\/\/frantiskanihc.sk\/klastor\/wp-content\/uploads\/2017\/01\/koncert-2016-1-768x508.jpg 768w, https:\/\/frantiskanihc.sk\/klastor\/wp-content\/uploads\/2017\/01\/koncert-2016-1.jpg 960w\" sizes=\"auto, (max-width: 300px) 100vw, 300px\" \/><\/a>\n\t\t\t<\/div><\/figure><figure class='gallery-item'>\n\t\t\t<div class='gallery-icon portrait'>\n\t\t\t\t<a href='https:\/\/frantiskanihc.sk\/klastor\/wp-content\/uploads\/2017\/01\/koncert-2016-2.jpg' title=\"\" data-rl_title=\"\" class=\"rl-gallery-link\" data-rl_caption=\"\" data-rel=\"rgg-gallery-1\"><img loading=\"lazy\" decoding=\"async\" width=\"199\" height=\"300\" src=\"https:\/\/frantiskanihc.sk\/klastor\/wp-content\/uploads\/2017\/01\/koncert-2016-2-199x300.jpg\" class=\"attachment-medium size-medium\" alt=\"\" srcset=\"https:\/\/frantiskanihc.sk\/klastor\/wp-content\/uploads\/2017\/01\/koncert-2016-2-199x300.jpg 199w, https:\/\/frantiskanihc.sk\/klastor\/wp-content\/uploads\/2017\/01\/koncert-2016-2.jpg 637w\" sizes=\"auto, (max-width: 199px) 100vw, 199px\" \/><\/a>\n\t\t\t<\/div><\/figure><figure class='gallery-item'>\n\t\t\t<div class='gallery-icon landscape'>\n\t\t\t\t<a href='https:\/\/frantiskanihc.sk\/klastor\/wp-content\/uploads\/2017\/01\/koncert-2016-3.jpg' title=\"\" data-rl_title=\"\" class=\"rl-gallery-link\" data-rl_caption=\"\" data-rel=\"rgg-gallery-1\"><img loading=\"lazy\" decoding=\"async\" width=\"300\" height=\"199\" src=\"https:\/\/frantiskanihc.sk\/klastor\/wp-content\/uploads\/2017\/01\/koncert-2016-3-300x199.jpg\" class=\"attachment-medium size-medium\" alt=\"\" srcset=\"https:\/\/frantiskanihc.sk\/klastor\/wp-content\/uploads\/2017\/01\/koncert-2016-3-300x199.jpg 300w, https:\/\/frantiskanihc.sk\/klastor\/wp-content\/uploads\/2017\/01\/koncert-2016-3-768x510.jpg 768w, https:\/\/frantiskanihc.sk\/klastor\/wp-content\/uploads\/2017\/01\/koncert-2016-3.jpg 960w\" sizes=\"auto, (max-width: 300px) 100vw, 300px\" \/><\/a>\n\t\t\t<\/div><\/figure><figure class='gallery-item'>\n\t\t\t<div class='gallery-icon landscape'>\n\t\t\t\t<a href='https:\/\/frantiskanihc.sk\/klastor\/wp-content\/uploads\/2017\/01\/koncert-2016-4.jpg' title=\"\" data-rl_title=\"\" class=\"rl-gallery-link\" data-rl_caption=\"\" data-rel=\"rgg-gallery-1\"><img loading=\"lazy\" decoding=\"async\" width=\"300\" height=\"199\" src=\"https:\/\/frantiskanihc.sk\/klastor\/wp-content\/uploads\/2017\/01\/koncert-2016-4-300x199.jpg\" class=\"attachment-medium size-medium\" alt=\"\" srcset=\"https:\/\/frantiskanihc.sk\/klastor\/wp-content\/uploads\/2017\/01\/koncert-2016-4-300x199.jpg 300w, https:\/\/frantiskanihc.sk\/klastor\/wp-content\/uploads\/2017\/01\/koncert-2016-4-768x510.jpg 768w, https:\/\/frantiskanihc.sk\/klastor\/wp-content\/uploads\/2017\/01\/koncert-2016-4.jpg 960w\" sizes=\"auto, (max-width: 300px) 100vw, 300px\" \/><\/a>\n\t\t\t<\/div><\/figure><figure class='gallery-item'>\n\t\t\t<div class='gallery-icon landscape'>\n\t\t\t\t<a href='https:\/\/frantiskanihc.sk\/klastor\/wp-content\/uploads\/2017\/01\/koncert-2016-5.jpg' title=\"\" data-rl_title=\"\" class=\"rl-gallery-link\" data-rl_caption=\"\" data-rel=\"rgg-gallery-1\"><img loading=\"lazy\" decoding=\"async\" width=\"300\" height=\"201\" src=\"https:\/\/frantiskanihc.sk\/klastor\/wp-content\/uploads\/2017\/01\/koncert-2016-5-300x201.jpg\" class=\"attachment-medium size-medium\" alt=\"\" srcset=\"https:\/\/frantiskanihc.sk\/klastor\/wp-content\/uploads\/2017\/01\/koncert-2016-5-300x201.jpg 300w, https:\/\/frantiskanihc.sk\/klastor\/wp-content\/uploads\/2017\/01\/koncert-2016-5-768x515.jpg 768w, https:\/\/frantiskanihc.sk\/klastor\/wp-content\/uploads\/2017\/01\/koncert-2016-5.jpg 960w\" sizes=\"auto, (max-width: 300px) 100vw, 300px\" \/><\/a>\n\t\t\t<\/div><\/figure><figure class='gallery-item'>\n\t\t\t<div class='gallery-icon landscape'>\n\t\t\t\t<a href='https:\/\/frantiskanihc.sk\/klastor\/wp-content\/uploads\/2017\/01\/koncert-2016-6.jpg' title=\"\" data-rl_title=\"\" class=\"rl-gallery-link\" data-rl_caption=\"\" data-rel=\"rgg-gallery-1\"><img loading=\"lazy\" decoding=\"async\" width=\"300\" height=\"199\" src=\"https:\/\/frantiskanihc.sk\/klastor\/wp-content\/uploads\/2017\/01\/koncert-2016-6-300x199.jpg\" class=\"attachment-medium size-medium\" alt=\"\" srcset=\"https:\/\/frantiskanihc.sk\/klastor\/wp-content\/uploads\/2017\/01\/koncert-2016-6-300x199.jpg 300w, https:\/\/frantiskanihc.sk\/klastor\/wp-content\/uploads\/2017\/01\/koncert-2016-6-768x510.jpg 768w, https:\/\/frantiskanihc.sk\/klastor\/wp-content\/uploads\/2017\/01\/koncert-2016-6.jpg 960w\" sizes=\"auto, (max-width: 300px) 100vw, 300px\" \/><\/a>\n\t\t\t<\/div><\/figure><figure class='gallery-item'>\n\t\t\t<div class='gallery-icon landscape'>\n\t\t\t\t<a href='https:\/\/frantiskanihc.sk\/klastor\/wp-content\/uploads\/2017\/01\/koncert-2016-7.jpg' title=\"\" data-rl_title=\"\" class=\"rl-gallery-link\" data-rl_caption=\"\" data-rel=\"rgg-gallery-1\"><img loading=\"lazy\" decoding=\"async\" width=\"300\" height=\"199\" src=\"https:\/\/frantiskanihc.sk\/klastor\/wp-content\/uploads\/2017\/01\/koncert-2016-7-300x199.jpg\" class=\"attachment-medium size-medium\" alt=\"\" srcset=\"https:\/\/frantiskanihc.sk\/klastor\/wp-content\/uploads\/2017\/01\/koncert-2016-7-300x199.jpg 300w, https:\/\/frantiskanihc.sk\/klastor\/wp-content\/uploads\/2017\/01\/koncert-2016-7-768x510.jpg 768w, https:\/\/frantiskanihc.sk\/klastor\/wp-content\/uploads\/2017\/01\/koncert-2016-7.jpg 960w\" sizes=\"auto, (max-width: 300px) 100vw, 300px\" \/><\/a>\n\t\t\t<\/div><\/figure><figure class='gallery-item'>\n\t\t\t<div class='gallery-icon landscape'>\n\t\t\t\t<a href='https:\/\/frantiskanihc.sk\/klastor\/wp-content\/uploads\/2017\/01\/koncert-2016-8.jpg' title=\"\" data-rl_title=\"\" class=\"rl-gallery-link\" data-rl_caption=\"\" data-rel=\"rgg-gallery-1\"><img loading=\"lazy\" decoding=\"async\" width=\"300\" height=\"199\" src=\"https:\/\/frantiskanihc.sk\/klastor\/wp-content\/uploads\/2017\/01\/koncert-2016-8-300x199.jpg\" class=\"attachment-medium size-medium\" alt=\"\" srcset=\"https:\/\/frantiskanihc.sk\/klastor\/wp-content\/uploads\/2017\/01\/koncert-2016-8-300x199.jpg 300w, https:\/\/frantiskanihc.sk\/klastor\/wp-content\/uploads\/2017\/01\/koncert-2016-8-768x510.jpg 768w, https:\/\/frantiskanihc.sk\/klastor\/wp-content\/uploads\/2017\/01\/koncert-2016-8.jpg 960w\" sizes=\"auto, (max-width: 300px) 100vw, 300px\" \/><\/a>\n\t\t\t<\/div><\/figure><figure class='gallery-item'>\n\t\t\t<div class='gallery-icon landscape'>\n\t\t\t\t<a href='https:\/\/frantiskanihc.sk\/klastor\/wp-content\/uploads\/2017\/01\/koncert-2016-9.jpg' title=\"\" data-rl_title=\"\" class=\"rl-gallery-link\" data-rl_caption=\"\" data-rel=\"rgg-gallery-1\"><img loading=\"lazy\" decoding=\"async\" width=\"300\" height=\"161\" src=\"https:\/\/frantiskanihc.sk\/klastor\/wp-content\/uploads\/2017\/01\/koncert-2016-9-300x161.jpg\" class=\"attachment-medium size-medium\" alt=\"\" srcset=\"https:\/\/frantiskanihc.sk\/klastor\/wp-content\/uploads\/2017\/01\/koncert-2016-9-300x161.jpg 300w, https:\/\/frantiskanihc.sk\/klastor\/wp-content\/uploads\/2017\/01\/koncert-2016-9-768x411.jpg 768w, https:\/\/frantiskanihc.sk\/klastor\/wp-content\/uploads\/2017\/01\/koncert-2016-9-1536x822.jpg 1536w, https:\/\/frantiskanihc.sk\/klastor\/wp-content\/uploads\/2017\/01\/koncert-2016-9.jpg 2048w\" sizes=\"auto, (max-width: 300px) 100vw, 300px\" \/><\/a>\n\t\t\t<\/div><\/figure><figure class='gallery-item'>\n\t\t\t<div class='gallery-icon landscape'>\n\t\t\t\t<a href='https:\/\/frantiskanihc.sk\/klastor\/wp-content\/uploads\/2017\/01\/koncert-2016-11.jpg' title=\"\" data-rl_title=\"\" class=\"rl-gallery-link\" data-rl_caption=\"\" data-rel=\"rgg-gallery-1\"><img loading=\"lazy\" decoding=\"async\" width=\"300\" height=\"153\" src=\"https:\/\/frantiskanihc.sk\/klastor\/wp-content\/uploads\/2017\/01\/koncert-2016-11-300x153.jpg\" class=\"attachment-medium size-medium\" alt=\"\" srcset=\"https:\/\/frantiskanihc.sk\/klastor\/wp-content\/uploads\/2017\/01\/koncert-2016-11-300x153.jpg 300w, https:\/\/frantiskanihc.sk\/klastor\/wp-content\/uploads\/2017\/01\/koncert-2016-11-768x393.jpg 768w, https:\/\/frantiskanihc.sk\/klastor\/wp-content\/uploads\/2017\/01\/koncert-2016-11-1536x785.jpg 1536w, https:\/\/frantiskanihc.sk\/klastor\/wp-content\/uploads\/2017\/01\/koncert-2016-11.jpg 2048w\" sizes=\"auto, (max-width: 300px) 100vw, 300px\" \/><\/a>\n\t\t\t<\/div><\/figure><figure class='gallery-item'>\n\t\t\t<div class='gallery-icon landscape'>\n\t\t\t\t<a href='https:\/\/frantiskanihc.sk\/klastor\/wp-content\/uploads\/2017\/01\/koncert-2016-12.jpg' title=\"\" data-rl_title=\"\" class=\"rl-gallery-link\" data-rl_caption=\"\" data-rel=\"rgg-gallery-1\"><img loading=\"lazy\" decoding=\"async\" width=\"300\" height=\"178\" src=\"https:\/\/frantiskanihc.sk\/klastor\/wp-content\/uploads\/2017\/01\/koncert-2016-12-300x178.jpg\" class=\"attachment-medium size-medium\" alt=\"\" srcset=\"https:\/\/frantiskanihc.sk\/klastor\/wp-content\/uploads\/2017\/01\/koncert-2016-12-300x178.jpg 300w, https:\/\/frantiskanihc.sk\/klastor\/wp-content\/uploads\/2017\/01\/koncert-2016-12-768x456.jpg 768w, https:\/\/frantiskanihc.sk\/klastor\/wp-content\/uploads\/2017\/01\/koncert-2016-12-1536x912.jpg 1536w, https:\/\/frantiskanihc.sk\/klastor\/wp-content\/uploads\/2017\/01\/koncert-2016-12.jpg 2048w\" sizes=\"auto, (max-width: 300px) 100vw, 300px\" \/><\/a>\n\t\t\t<\/div><\/figure><figure class='gallery-item'>\n\t\t\t<div class='gallery-icon portrait'>\n\t\t\t\t<a href='https:\/\/frantiskanihc.sk\/klastor\/wp-content\/uploads\/2017\/01\/koncert-2016-13.jpg' title=\"\" data-rl_title=\"\" class=\"rl-gallery-link\" data-rl_caption=\"\" data-rel=\"rgg-gallery-1\"><img loading=\"lazy\" decoding=\"async\" width=\"222\" height=\"300\" src=\"https:\/\/frantiskanihc.sk\/klastor\/wp-content\/uploads\/2017\/01\/koncert-2016-13-222x300.jpg\" class=\"attachment-medium size-medium\" alt=\"\" srcset=\"https:\/\/frantiskanihc.sk\/klastor\/wp-content\/uploads\/2017\/01\/koncert-2016-13-222x300.jpg 222w, https:\/\/frantiskanihc.sk\/klastor\/wp-content\/uploads\/2017\/01\/koncert-2016-13.jpg 709w\" sizes=\"auto, (max-width: 222px) 100vw, 222px\" \/><\/a>\n\t\t\t<\/div><\/figure><figure class='gallery-item'>\n\t\t\t<div class='gallery-icon landscape'>\n\t\t\t\t<a href='https:\/\/frantiskanihc.sk\/klastor\/wp-content\/uploads\/2017\/01\/koncert-2016-14.jpg' title=\"\" data-rl_title=\"\" class=\"rl-gallery-link\" data-rl_caption=\"\" data-rel=\"rgg-gallery-1\"><img loading=\"lazy\" decoding=\"async\" width=\"300\" height=\"199\" src=\"https:\/\/frantiskanihc.sk\/klastor\/wp-content\/uploads\/2017\/01\/koncert-2016-14-300x199.jpg\" class=\"attachment-medium size-medium\" alt=\"\" srcset=\"https:\/\/frantiskanihc.sk\/klastor\/wp-content\/uploads\/2017\/01\/koncert-2016-14-300x199.jpg 300w, https:\/\/frantiskanihc.sk\/klastor\/wp-content\/uploads\/2017\/01\/koncert-2016-14-768x510.jpg 768w, https:\/\/frantiskanihc.sk\/klastor\/wp-content\/uploads\/2017\/01\/koncert-2016-14.jpg 960w\" sizes=\"auto, (max-width: 300px) 100vw, 300px\" \/><\/a>\n\t\t\t<\/div><\/figure><figure class='gallery-item'>\n\t\t\t<div class='gallery-icon landscape'>\n\t\t\t\t<a href='https:\/\/frantiskanihc.sk\/klastor\/wp-content\/uploads\/2017\/01\/koncert-2016-15.jpg' title=\"\" data-rl_title=\"\" class=\"rl-gallery-link\" data-rl_caption=\"\" data-rel=\"rgg-gallery-1\"><img loading=\"lazy\" decoding=\"async\" width=\"300\" height=\"199\" src=\"https:\/\/frantiskanihc.sk\/klastor\/wp-content\/uploads\/2017\/01\/koncert-2016-15-300x199.jpg\" class=\"attachment-medium size-medium\" alt=\"\" srcset=\"https:\/\/frantiskanihc.sk\/klastor\/wp-content\/uploads\/2017\/01\/koncert-2016-15-300x199.jpg 300w, https:\/\/frantiskanihc.sk\/klastor\/wp-content\/uploads\/2017\/01\/koncert-2016-15-768x510.jpg 768w, https:\/\/frantiskanihc.sk\/klastor\/wp-content\/uploads\/2017\/01\/koncert-2016-15.jpg 960w\" sizes=\"auto, (max-width: 300px) 100vw, 300px\" \/><\/a>\n\t\t\t<\/div><\/figure><figure class='gallery-item'>\n\t\t\t<div class='gallery-icon landscape'>\n\t\t\t\t<a href='https:\/\/frantiskanihc.sk\/klastor\/wp-content\/uploads\/2017\/01\/koncert-2016-16.jpg' title=\"\" data-rl_title=\"\" class=\"rl-gallery-link\" data-rl_caption=\"\" data-rel=\"rgg-gallery-1\"><img loading=\"lazy\" decoding=\"async\" width=\"300\" height=\"199\" src=\"https:\/\/frantiskanihc.sk\/klastor\/wp-content\/uploads\/2017\/01\/koncert-2016-16-300x199.jpg\" class=\"attachment-medium size-medium\" alt=\"\" srcset=\"https:\/\/frantiskanihc.sk\/klastor\/wp-content\/uploads\/2017\/01\/koncert-2016-16-300x199.jpg 300w, https:\/\/frantiskanihc.sk\/klastor\/wp-content\/uploads\/2017\/01\/koncert-2016-16-768x510.jpg 768w, https:\/\/frantiskanihc.sk\/klastor\/wp-content\/uploads\/2017\/01\/koncert-2016-16.jpg 960w\" sizes=\"auto, (max-width: 300px) 100vw, 300px\" \/><\/a>\n\t\t\t<\/div><\/figure><figure class='gallery-item'>\n\t\t\t<div class='gallery-icon landscape'>\n\t\t\t\t<a href='https:\/\/frantiskanihc.sk\/klastor\/wp-content\/uploads\/2017\/01\/koncert-2016-17.jpg' title=\"\" data-rl_title=\"\" class=\"rl-gallery-link\" data-rl_caption=\"\" data-rel=\"rgg-gallery-1\"><img loading=\"lazy\" decoding=\"async\" width=\"300\" height=\"203\" src=\"https:\/\/frantiskanihc.sk\/klastor\/wp-content\/uploads\/2017\/01\/koncert-2016-17-300x203.jpg\" class=\"attachment-medium size-medium\" alt=\"\" srcset=\"https:\/\/frantiskanihc.sk\/klastor\/wp-content\/uploads\/2017\/01\/koncert-2016-17-300x203.jpg 300w, https:\/\/frantiskanihc.sk\/klastor\/wp-content\/uploads\/2017\/01\/koncert-2016-17-768x521.jpg 768w, https:\/\/frantiskanihc.sk\/klastor\/wp-content\/uploads\/2017\/01\/koncert-2016-17.jpg 960w\" sizes=\"auto, (max-width: 300px) 100vw, 300px\" \/><\/a>\n\t\t\t<\/div><\/figure>\n\t\t<\/div>\n\n","protected":false},"excerpt":{"rendered":"<p>Op\u00e4\u0165 n\u00e1m ne\u017ene zaklopali na dvere najkraj\u0161ie sviatky roka \u2013 Vianoce. Viac si uvedomujeme silu priate\u013estva, \u00facty, obetavosti a\u00a0\u013eudskej spolupatri\u010dnosti. Svojimi \u010dinmi a\u00a0postojmi vyjadrujeme svoj \u00faprimn\u00fd vz\u0165ah k\u00a0\u017eivotu \u2013 k\u00a0\u013eu\u010fom. &#8230;<\/p>\n","protected":false},"author":5,"featured_media":1431,"comment_status":"closed","ping_status":"closed","sticky":false,"template":"","format":"video","meta":{"footnotes":""},"categories":[1],"tags":[],"class_list":["post-1417","post","type-post","status-publish","format-video","has-post-thumbnail","hentry","category-aktualne","post_format-post-format-video"],"_links":{"self":[{"href":"https:\/\/frantiskanihc.sk\/klastor\/wp-json\/wp\/v2\/posts\/1417","targetHints":{"allow":["GET"]}}],"collection":[{"href":"https:\/\/frantiskanihc.sk\/klastor\/wp-json\/wp\/v2\/posts"}],"about":[{"href":"https:\/\/frantiskanihc.sk\/klastor\/wp-json\/wp\/v2\/types\/post"}],"author":[{"embeddable":true,"href":"https:\/\/frantiskanihc.sk\/klastor\/wp-json\/wp\/v2\/users\/5"}],"replies":[{"embeddable":true,"href":"https:\/\/frantiskanihc.sk\/klastor\/wp-json\/wp\/v2\/comments?post=1417"}],"version-history":[{"count":9,"href":"https:\/\/frantiskanihc.sk\/klastor\/wp-json\/wp\/v2\/posts\/1417\/revisions"}],"predecessor-version":[{"id":1538,"href":"https:\/\/frantiskanihc.sk\/klastor\/wp-json\/wp\/v2\/posts\/1417\/revisions\/1538"}],"wp:featuredmedia":[{"embeddable":true,"href":"https:\/\/frantiskanihc.sk\/klastor\/wp-json\/wp\/v2\/media\/1431"}],"wp:attachment":[{"href":"https:\/\/frantiskanihc.sk\/klastor\/wp-json\/wp\/v2\/media?parent=1417"}],"wp:term":[{"taxonomy":"category","embeddable":true,"href":"https:\/\/frantiskanihc.sk\/klastor\/wp-json\/wp\/v2\/categories?post=1417"},{"taxonomy":"post_tag","embeddable":true,"href":"https:\/\/frantiskanihc.sk\/klastor\/wp-json\/wp\/v2\/tags?post=1417"}],"curies":[{"name":"wp","href":"https:\/\/api.w.org\/{rel}","templated":true}]}}