{"id":1382,"date":"2016-12-18T14:27:57","date_gmt":"2016-12-18T12:27:57","guid":{"rendered":"http:\/\/frantiskanihc.sk\/klastor\/?p=1382"},"modified":"2017-01-01T21:05:04","modified_gmt":"2017-01-01T19:05:04","slug":"privitali-sme-betlehemske-svetlo","status":"publish","type":"post","link":"https:\/\/frantiskanihc.sk\/klastor\/aktualne\/2016\/privitali-sme-betlehemske-svetlo\/","title":{"rendered":"Priv\u00edtali sme Betlehemsk\u00e9 svetlo"},"content":{"rendered":"<p>Na \u0161tvrt\u00fa adventn\u00fa nede\u013eu zav\u00edtal do franti\u0161k\u00e1nskeho kostola v\u00a0Hlohovci Prv\u00fd oddiel skautov a\u00a0skautiek zo Serede. Mlad\u00ed skauti po\u010das sv\u00e4tej om\u0161e priniesli pre veriacich Betlehemsk\u00e9 svetlo.<\/p>\n<p>Srde\u010dne ich priv\u00edtal gvardi\u00e1n kl\u00e1\u0161tora p\u00e1ter Jeremi\u00e1\u0161 Kvaka OFM. Nasledoval obrad prijatia a\u00a0po\u017eehnania svetla, od ktor\u00e9ho sa potom odp\u00e1lili sviece na olt\u00e1ri i\u00a0na adventnom venci. <\/p>\n<p>P\u00e1ter Jeremi\u00e1\u0161 vyzdvihol symbol svetla, preto\u017ee prem\u00e1ha tmu, ktor\u00e1 symbolizuje hriech a\u00a0ak my prij\u00edmame Krista ako Svetlo, vieme prem\u00f4c\u0165 hriech a\u00a0je n\u00e1m posilou.<\/p>\n<div id='gallery-1' class='gallery galleryid-1382 gallery-columns-3 gallery-size-medium'><figure class='gallery-item'>\n\t\t\t<div class='gallery-icon landscape'>\n\t\t\t\t<a href='https:\/\/frantiskanihc.sk\/klastor\/wp-content\/uploads\/2017\/01\/svetlo-1.jpg' title=\"\" data-rl_title=\"\" class=\"rl-gallery-link\" data-rl_caption=\"\" data-rel=\"rgg-gallery-1\"><img loading=\"lazy\" decoding=\"async\" width=\"300\" height=\"199\" src=\"https:\/\/frantiskanihc.sk\/klastor\/wp-content\/uploads\/2017\/01\/svetlo-1-300x199.jpg\" class=\"attachment-medium size-medium\" alt=\"\" srcset=\"https:\/\/frantiskanihc.sk\/klastor\/wp-content\/uploads\/2017\/01\/svetlo-1-300x199.jpg 300w, https:\/\/frantiskanihc.sk\/klastor\/wp-content\/uploads\/2017\/01\/svetlo-1-768x510.jpg 768w, https:\/\/frantiskanihc.sk\/klastor\/wp-content\/uploads\/2017\/01\/svetlo-1-1536x1021.jpg 1536w, https:\/\/frantiskanihc.sk\/klastor\/wp-content\/uploads\/2017\/01\/svetlo-1.jpg 2048w\" sizes=\"auto, (max-width: 300px) 100vw, 300px\" \/><\/a>\n\t\t\t<\/div><\/figure><figure class='gallery-item'>\n\t\t\t<div class='gallery-icon landscape'>\n\t\t\t\t<a href='https:\/\/frantiskanihc.sk\/klastor\/wp-content\/uploads\/2017\/01\/svetlo-2.jpg' title=\"\" data-rl_title=\"\" class=\"rl-gallery-link\" data-rl_caption=\"\" data-rel=\"rgg-gallery-1\"><img loading=\"lazy\" decoding=\"async\" width=\"300\" height=\"199\" src=\"https:\/\/frantiskanihc.sk\/klastor\/wp-content\/uploads\/2017\/01\/svetlo-2-300x199.jpg\" class=\"attachment-medium size-medium\" alt=\"\" srcset=\"https:\/\/frantiskanihc.sk\/klastor\/wp-content\/uploads\/2017\/01\/svetlo-2-300x199.jpg 300w, https:\/\/frantiskanihc.sk\/klastor\/wp-content\/uploads\/2017\/01\/svetlo-2-768x510.jpg 768w, https:\/\/frantiskanihc.sk\/klastor\/wp-content\/uploads\/2017\/01\/svetlo-2-1536x1021.jpg 1536w, https:\/\/frantiskanihc.sk\/klastor\/wp-content\/uploads\/2017\/01\/svetlo-2.jpg 2048w\" sizes=\"auto, (max-width: 300px) 100vw, 300px\" \/><\/a>\n\t\t\t<\/div><\/figure><figure class='gallery-item'>\n\t\t\t<div class='gallery-icon landscape'>\n\t\t\t\t<a href='https:\/\/frantiskanihc.sk\/klastor\/wp-content\/uploads\/2017\/01\/svetlo-3.jpg' title=\"\" data-rl_title=\"\" class=\"rl-gallery-link\" data-rl_caption=\"\" data-rel=\"rgg-gallery-1\"><img loading=\"lazy\" decoding=\"async\" width=\"300\" height=\"199\" src=\"https:\/\/frantiskanihc.sk\/klastor\/wp-content\/uploads\/2017\/01\/svetlo-3-300x199.jpg\" class=\"attachment-medium size-medium\" alt=\"\" srcset=\"https:\/\/frantiskanihc.sk\/klastor\/wp-content\/uploads\/2017\/01\/svetlo-3-300x199.jpg 300w, https:\/\/frantiskanihc.sk\/klastor\/wp-content\/uploads\/2017\/01\/svetlo-3-768x510.jpg 768w, https:\/\/frantiskanihc.sk\/klastor\/wp-content\/uploads\/2017\/01\/svetlo-3-1536x1021.jpg 1536w, https:\/\/frantiskanihc.sk\/klastor\/wp-content\/uploads\/2017\/01\/svetlo-3.jpg 2048w\" sizes=\"auto, (max-width: 300px) 100vw, 300px\" \/><\/a>\n\t\t\t<\/div><\/figure><figure class='gallery-item'>\n\t\t\t<div class='gallery-icon landscape'>\n\t\t\t\t<a href='https:\/\/frantiskanihc.sk\/klastor\/wp-content\/uploads\/2017\/01\/svetlo-4.jpg' title=\"\" data-rl_title=\"\" class=\"rl-gallery-link\" data-rl_caption=\"\" data-rel=\"rgg-gallery-1\"><img loading=\"lazy\" decoding=\"async\" width=\"300\" height=\"199\" src=\"https:\/\/frantiskanihc.sk\/klastor\/wp-content\/uploads\/2017\/01\/svetlo-4-300x199.jpg\" class=\"attachment-medium size-medium\" alt=\"\" srcset=\"https:\/\/frantiskanihc.sk\/klastor\/wp-content\/uploads\/2017\/01\/svetlo-4-300x199.jpg 300w, https:\/\/frantiskanihc.sk\/klastor\/wp-content\/uploads\/2017\/01\/svetlo-4-768x510.jpg 768w, https:\/\/frantiskanihc.sk\/klastor\/wp-content\/uploads\/2017\/01\/svetlo-4-1536x1021.jpg 1536w, https:\/\/frantiskanihc.sk\/klastor\/wp-content\/uploads\/2017\/01\/svetlo-4.jpg 2048w\" sizes=\"auto, (max-width: 300px) 100vw, 300px\" \/><\/a>\n\t\t\t<\/div><\/figure><figure class='gallery-item'>\n\t\t\t<div class='gallery-icon landscape'>\n\t\t\t\t<a href='https:\/\/frantiskanihc.sk\/klastor\/wp-content\/uploads\/2017\/01\/svetlo-5.jpg' title=\"\" data-rl_title=\"\" class=\"rl-gallery-link\" data-rl_caption=\"\" data-rel=\"rgg-gallery-1\"><img loading=\"lazy\" decoding=\"async\" width=\"300\" height=\"199\" src=\"https:\/\/frantiskanihc.sk\/klastor\/wp-content\/uploads\/2017\/01\/svetlo-5-300x199.jpg\" class=\"attachment-medium size-medium\" alt=\"\" srcset=\"https:\/\/frantiskanihc.sk\/klastor\/wp-content\/uploads\/2017\/01\/svetlo-5-300x199.jpg 300w, https:\/\/frantiskanihc.sk\/klastor\/wp-content\/uploads\/2017\/01\/svetlo-5-768x510.jpg 768w, https:\/\/frantiskanihc.sk\/klastor\/wp-content\/uploads\/2017\/01\/svetlo-5-1536x1021.jpg 1536w, https:\/\/frantiskanihc.sk\/klastor\/wp-content\/uploads\/2017\/01\/svetlo-5.jpg 2048w\" sizes=\"auto, (max-width: 300px) 100vw, 300px\" \/><\/a>\n\t\t\t<\/div><\/figure>\n\t\t<\/div>\n\n","protected":false},"excerpt":{"rendered":"<p>Na \u0161tvrt\u00fa adventn\u00fa nede\u013eu zav\u00edtal do franti\u0161k\u00e1nskeho kostola v\u00a0Hlohovci Prv\u00fd oddiel skautov a\u00a0skautiek zo Serede. Mlad\u00ed skauti po\u010das sv\u00e4tej om\u0161e priniesli pre veriacich Betlehemsk\u00e9 svetlo. Srde\u010dne ich priv\u00edtal gvardi\u00e1n kl\u00e1\u0161tora &#8230;<\/p>\n","protected":false},"author":2,"featured_media":1383,"comment_status":"closed","ping_status":"closed","sticky":false,"template":"","format":"standard","meta":{"footnotes":""},"categories":[1],"tags":[],"class_list":["post-1382","post","type-post","status-publish","format-standard","has-post-thumbnail","hentry","category-aktualne"],"_links":{"self":[{"href":"https:\/\/frantiskanihc.sk\/klastor\/wp-json\/wp\/v2\/posts\/1382","targetHints":{"allow":["GET"]}}],"collection":[{"href":"https:\/\/frantiskanihc.sk\/klastor\/wp-json\/wp\/v2\/posts"}],"about":[{"href":"https:\/\/frantiskanihc.sk\/klastor\/wp-json\/wp\/v2\/types\/post"}],"author":[{"embeddable":true,"href":"https:\/\/frantiskanihc.sk\/klastor\/wp-json\/wp\/v2\/users\/2"}],"replies":[{"embeddable":true,"href":"https:\/\/frantiskanihc.sk\/klastor\/wp-json\/wp\/v2\/comments?post=1382"}],"version-history":[{"count":3,"href":"https:\/\/frantiskanihc.sk\/klastor\/wp-json\/wp\/v2\/posts\/1382\/revisions"}],"predecessor-version":[{"id":1390,"href":"https:\/\/frantiskanihc.sk\/klastor\/wp-json\/wp\/v2\/posts\/1382\/revisions\/1390"}],"wp:featuredmedia":[{"embeddable":true,"href":"https:\/\/frantiskanihc.sk\/klastor\/wp-json\/wp\/v2\/media\/1383"}],"wp:attachment":[{"href":"https:\/\/frantiskanihc.sk\/klastor\/wp-json\/wp\/v2\/media?parent=1382"}],"wp:term":[{"taxonomy":"category","embeddable":true,"href":"https:\/\/frantiskanihc.sk\/klastor\/wp-json\/wp\/v2\/categories?post=1382"},{"taxonomy":"post_tag","embeddable":true,"href":"https:\/\/frantiskanihc.sk\/klastor\/wp-json\/wp\/v2\/tags?post=1382"}],"curies":[{"name":"wp","href":"https:\/\/api.w.org\/{rel}","templated":true}]}}