{"id":1308,"date":"2024-10-26T10:30:42","date_gmt":"2024-10-26T08:30:42","guid":{"rendered":"http:\/\/frantiskanihc.sk\/klastor\/?p=1308"},"modified":"2024-10-27T08:25:31","modified_gmt":"2024-10-27T06:25:31","slug":"odpustky-na-dusicky","status":"publish","type":"post","link":"https:\/\/frantiskanihc.sk\/klastor\/aktualne\/2024\/odpustky-na-dusicky\/","title":{"rendered":"Odpustky na du\u0161i\u010dky"},"content":{"rendered":"<p><em>Po\u010das t\u00fdchto dn\u00ed m\u00f4\u017eeme z\u00edska\u0165 \u00fapln\u00e9 odpustky v prospech zosnul\u00fdch.<\/em><\/p>\n<p>\u010co mus\u00edme splni\u0165?<\/p>\n<p><strong>1.<\/strong> Veriaci, ktor\u00fd v\u00a0de\u0148 Spomienky na v\u0161etk\u00fdch zosnul\u00fdch (2. 11.) n\u00e1bo\u017ene nav\u0161t\u00edvi kostol alebo kaplnku a\u00a0pomodl\u00ed sa Modlitbu P\u00e1na a\u00a0urob\u00ed vyznanie viery (Ver\u00edm v\u00a0Boha), m\u00f4\u017ee z\u00edska\u0165 \u00fapln\u00e9 odpustky, ktor\u00e9 sa m\u00f4\u017eu privlastni\u0165 iba du\u0161iam v\u00a0o\u010distci. Okrem tohto odpustkov\u00e9ho \u00fakonu sa \u017eiada splni\u0165 tri podmienky:<\/p>\n<ul>\n<li>sv\u00e4t\u00e1 spove\u010f (ak ma \u0165a\u017e\u00ed \u0165a\u017ek\u00fd hriech, kr\u00e1tko predt\u00fdm alebo potom),<\/li>\n<li>sv\u00e4t\u00e9 prij\u00edmanie (najlep\u0161ie v ten ist\u00fd de\u0148),<\/li>\n<li>modlitba na \u00famysel Sv\u00e4t\u00e9ho Otca (Ot\u010den\u00e1\u0161, Zdravas, Sl\u00e1va)<\/li>\n<\/ul>\n<p>Je potrebn\u00e9 vyl\u00fa\u010di\u0165 ak\u00fako\u013evek prip\u00fatanos\u0165 k\u00a0hriechu aj k\u00a0v\u0161edn\u00e9mu. Tieto odpustky mo\u017eno z\u00edska\u0165 od poludnia predch\u00e1dzaj\u00faceho d\u0148a (obed 1.11.) a\u017e do polnoci ur\u010den\u00e9ho d\u0148a (2.11).<\/p>\n<p><strong>2.<\/strong> Veriaci, ktor\u00fd n\u00e1bo\u017ene nav\u0161t\u00edvi cintor\u00edn a\u00a0aspo\u0148 mys\u013eou sa pomodl\u00ed za zosnul\u00fdch, m\u00f4\u017ee z\u00edska\u0165 odpustky, ktor\u00e9 sa m\u00f4\u017eu privlastni\u0165 iba du\u0161iam v\u00a0o\u010distci, raz denne od 1.\u00a0novembra do 8. novembra. Treba splni\u0165 aj \u010fal\u0161ie podmienky. Jedna sv\u00e4t\u00e1 spove\u010f v\u0161ak sta\u010d\u00ed na v\u0161etky odpustky.<\/p>\n","protected":false},"excerpt":{"rendered":"<p>Po\u010das t\u00fdchto dn\u00ed m\u00f4\u017eeme z\u00edska\u0165 \u00fapln\u00e9 odpustky v prospech zosnul\u00fdch. \u010co mus\u00edme splni\u0165? 1. Veriaci, ktor\u00fd v\u00a0de\u0148 Spomienky na v\u0161etk\u00fdch zosnul\u00fdch (2. 11.) n\u00e1bo\u017ene nav\u0161t\u00edvi kostol alebo kaplnku a\u00a0pomodl\u00ed sa &#8230;<\/p>\n","protected":false},"author":5,"featured_media":1857,"comment_status":"closed","ping_status":"closed","sticky":false,"template":"","format":"standard","meta":{"footnotes":""},"categories":[1],"tags":[],"class_list":["post-1308","post","type-post","status-publish","format-standard","has-post-thumbnail","hentry","category-aktualne"],"_links":{"self":[{"href":"https:\/\/frantiskanihc.sk\/klastor\/wp-json\/wp\/v2\/posts\/1308","targetHints":{"allow":["GET"]}}],"collection":[{"href":"https:\/\/frantiskanihc.sk\/klastor\/wp-json\/wp\/v2\/posts"}],"about":[{"href":"https:\/\/frantiskanihc.sk\/klastor\/wp-json\/wp\/v2\/types\/post"}],"author":[{"embeddable":true,"href":"https:\/\/frantiskanihc.sk\/klastor\/wp-json\/wp\/v2\/users\/5"}],"replies":[{"embeddable":true,"href":"https:\/\/frantiskanihc.sk\/klastor\/wp-json\/wp\/v2\/comments?post=1308"}],"version-history":[{"count":6,"href":"https:\/\/frantiskanihc.sk\/klastor\/wp-json\/wp\/v2\/posts\/1308\/revisions"}],"predecessor-version":[{"id":2633,"href":"https:\/\/frantiskanihc.sk\/klastor\/wp-json\/wp\/v2\/posts\/1308\/revisions\/2633"}],"wp:featuredmedia":[{"embeddable":true,"href":"https:\/\/frantiskanihc.sk\/klastor\/wp-json\/wp\/v2\/media\/1857"}],"wp:attachment":[{"href":"https:\/\/frantiskanihc.sk\/klastor\/wp-json\/wp\/v2\/media?parent=1308"}],"wp:term":[{"taxonomy":"category","embeddable":true,"href":"https:\/\/frantiskanihc.sk\/klastor\/wp-json\/wp\/v2\/categories?post=1308"},{"taxonomy":"post_tag","embeddable":true,"href":"https:\/\/frantiskanihc.sk\/klastor\/wp-json\/wp\/v2\/tags?post=1308"}],"curies":[{"name":"wp","href":"https:\/\/api.w.org\/{rel}","templated":true}]}}