{"id":1211,"date":"2016-10-06T17:21:59","date_gmt":"2016-10-06T15:21:59","guid":{"rendered":"http:\/\/frantiskanihc.sk\/klastor\/?p=1211"},"modified":"2016-10-09T09:21:32","modified_gmt":"2016-10-09T07:21:32","slug":"frantisek-u-frantiskanov-s-frantiskanmi","status":"publish","type":"post","link":"https:\/\/frantiskanihc.sk\/klastor\/aktualne\/2016\/frantisek-u-frantiskanov-s-frantiskanmi\/","title":{"rendered":"Franti\u0161ek u\u00a0franti\u0161k\u00e1nov s franti\u0161k\u00e1nmi"},"content":{"rendered":"<p>Po sl\u00e1vnosti patr\u00f3na farnosti sv. Michala \u010dakala na\u0161u farnos\u0165 \u010fal\u0161ia oslava, tentoraz sv. Franti\u0161ka, zakladate\u013ea rehole men\u0161\u00edch bratov franti\u0161k\u00e1nov, ktor\u00ed v\u00a0Hlohovci p\u00f4sobia. Sl\u00e1venie za\u010dalo vig\u00edliou 3.okt\u00f3bra ve\u010der, kedy sa pripom\u00edna prechod sv. Franti\u0161ka do ve\u010dnosti. Hlavn\u00fdm celebrantom bol p\u00e1ter gvardi\u00e1n Jeremi\u00e1\u0161 Kvaka OFM. V\u00a0hom\u00edlii sa zameral na mnoh\u00e9 vlastnosti sv\u00e4t\u00e9ho Franti\u0161ka, ktor\u00e9 vypl\u00fdvali aj s\u00a0\u010d\u00edtan\u00ed. V\u00a0tom prvom sme po\u010duli, ako \u0160imon opravoval chr\u00e1my, roz\u0161\u00edril br\u00e1nu, staral sa o\u00a0svoj n\u00e1rod. Tak ako sv. Franti\u0161ek po\u010dul hlas: Oprav m\u00f4j dom a tak opravoval kostoly po svojom obr\u00e1ten\u00ed, ktor\u00e9 bolo postupn\u00e9, nie n\u00e1hle ako u\u00a0sv. Pavla, a\u00a0ako prispel aj k\u00a0oprave Cirkvi, preto\u017ee vyrie\u0161il mnoh\u00e9 konflikty, hoci mohol to aj zle pochopi\u0165, \u010do od neho chcel, preto\u017ee v\u00a0talian\u010dine sa slovo kostol a\u00a0Cirkev povie t\u00fdm ist\u00fdm slovom. Franti\u0161ek roz\u0161\u00edril br\u00e1nu do neba, lebo pomohol k\u00a0obr\u00e1teniu mnoh\u00fdch \u013eud\u00ed. \u010c\u00edtania obrazne hovoria o\u00a0sv\u00e4tom Franti\u0161kovi ako o\u00a0Bo\u017eom mu\u017eovi, ktor\u00fd sa sna\u017e\u00ed kona\u0165 Bo\u017eie dielo. \u010ealej sa p\u00e1ter Jeremi\u00e1\u0161 zameral na evanjelium, ktor\u00e9 vystihlo charizmu sv. Franti\u0161ka: \u201eZvelebujem \u0164a, Ot\u010de, P\u00e1n neba i\u00a0zeme, \u017ee si tieto veci skryl pred m\u00fadrymi a\u00a0rozumn\u00fdmi a\u00a0zjavil si ich mali\u010dk\u00fdm.\u201c Franti\u0161ek sa nec\u00edtil ani siln\u00fd, ani ve\u013ek\u00fd ani mocn\u00fd. A\u00a0pr\u00e1ve preto dok\u00e1zal meni\u0165 Cirkev a\u00a0\u013eud\u00ed. Bol siln\u00fd v\u00a0tom, \u017ee bol mal\u00fd. Jeho sila nebola v\u00a0jeho schopnostiach. Spomenul aj pr\u00edklad z\u00a0\u010dias, ke\u010f bol e\u0161te provinci\u00e1lom v\u00a0Bratislave a\u00a0nevedeli vyrie\u0161i\u0165 nejak\u00e9 \u0165a\u017e\u0161ie veci a\u00a0jeden \u010dlovek mu povedal: V\u00e1s franti\u0161k\u00e1nov m\u00e1 P\u00e1n Boh r\u00e1d, tak v\u00e1m ur\u010dite pom\u00f4\u017ee. Preto \u010do nedok\u00e1\u017eeme my ako \u013eudia urobi\u0165, dotiahne to za n\u00e1s P\u00e1n Boh. Ak preukazujeme l\u00e1sku in\u00e9mu, sved\u010d\u00edme o\u00a0Bohu a\u00a0toto svedectvo je \u00fa\u010dinn\u00e9, hoci sa zd\u00e1, \u017ee je slab\u00e9, preto\u017ee zlo sa tla\u010d\u00ed dopredu a\u00a0bud\u00ed pozornos\u0165. Vyzdvihol Franti\u0161kov zmysel pre malos\u0165 pred Bohom, nikdy sa nepovy\u0161oval nad ostatn\u00fdch \u013eud\u00ed a\u00a0preto mohol ostatn\u00fdch sp\u00e1ja\u0165. Vedel \u017ei\u0165 v\u00a0spolo\u010denstve, preto\u017ee mal osobn\u00fd vz\u0165ah k\u00a0Bohu. Bratstvo a\u00a0spolo\u010denstvo je aj franti\u0161k\u00e1nskou charizmou. Ak vieme by\u0165 sluhami t\u00fdch druh\u00fdch, vieme vytv\u00e1ra\u0165 spolo\u010denstvo. Po sv\u00e4tej om\u0161i nasledovalo pripomenutie si Franti\u0161kovej smrti, tzv. transitus, ktor\u00e9ho sa z\u00fa\u010dastnili v\u0161etci bratia hlohoveckej komunity, menovite p\u00e1ter Jeremi\u00e1\u0161, p\u00e1ter Dami\u00e1n, p\u00e1ter Masseo, p\u00e1ter Bruno, brat Zachej a\u00a0brat Ter\u00e9zius. V\u00a0tme kostola kr\u00e1sne \u017eiarili sviece. Po spevoch a\u00a0modlitb\u00e1ch bolo mo\u017en\u00e9 ucti\u0165 si relikviu sv\u00e4t\u00e9ho Franti\u0161ka ulo\u017een\u00fa v\u00a0relikvi\u00e1ri (ku ktor\u00e9mu dosta\u0165 sa vy\u017eadovalo trojn\u00e1sobn\u00fa kostoln\u00edcku silu) a\u00a0v\u0161etci pr\u00edtomn\u00ed sa stretli na bratskom agap\u00e9, kde sa p\u00e1ter Bruno podujal na funkciu hlavn\u00e9ho fotografa, za \u010do mu patr\u00ed ve\u013ek\u00e1 v\u010faka.<\/p>\n<p>Sl\u00e1venie pokra\u010dovalo aj v\u00a0de\u0148 jeho sviatku. Hlavn\u00fdm celebrantom sv\u00e4tej om\u0161e bol na ve\u013ek\u00fa rados\u0165 n\u00e1\u0161 v\u0161etk\u00fdch n\u00e1\u0161 p\u00e1n dekan Marek Jesen\u00e1k, koncelebrovali p\u00e1ter Jeremi\u00e1\u0161, p\u00e1ter Bruno a\u00a0p\u00e1n kapl\u00e1n Michal Koll\u00e1r. P\u00e1n dekan v\u00a0hom\u00edlii povedal, \u017ee v\u017edy obdivoval sv\u00e4t\u00e9ho Franti\u0161ka, odkedy videl jeden star\u00fd film o\u00a0\u0148om, Brat Slnko, ktor\u00fd in\u0161piroval mnoh\u00fdch \u013eud\u00ed, aby sa dali k\u00a0franti\u0161k\u00e1nom. Bol v\u00fdnimo\u010dn\u00fd \u010dlovek, ktor\u00fd ohromil nielen cel\u00fa Eur\u00f3py, ale aj cel\u00fd svet. Poch\u00e1dzal zo zlatej ml\u00e1de\u017ee, ale musel ho Boh zrazi\u0165 do prachu, ako zrazil aj apo\u0161tola Pavla, aby na\u0161iel vieru. Dne\u0161n\u00ed \u013eudia si vytv\u00e1raj\u00fa idoly z\u00a0\u013eud\u00ed, pod\u013ea ktor\u00fdch sa sna\u017eia \u017ei\u0165, a\u00a0sv\u00e4t\u00fd Franti\u0161ek bol idol tej doby, len\u017ee s\u00a0t\u00fdm z\u00e1sadn\u00fdm rozdielom, \u017ee sv\u00e4t\u00fd Franti\u0161ek neukazoval na seba, ale na Boha.<\/p>\n<p>V\u0161etci sme boli radi, \u017ee sme tieto dva dni pre\u017eili takto pekne spojen\u00ed. \u017diadni farsk\u00ed \u010di kl\u00e1\u0161torn\u00ed, ja cel\u00fd \u017eivot tvrd\u00edm, \u017ee je to hl\u00fapos\u0165, lebo Boh je rovnak\u00fd tam aj tam, a\u00a0v\u0161etci sme hlavne Kristovi. A\u00a0som rada, \u017ee okrem super zostavy, ktor\u00e1 je vo Farskom kostole, na \u010dele s\u00a0p\u00e1nom dekanom a\u00a0kapl\u00e1nom, tu m\u00e1me znovu super zostavu aj v\u00a0kl\u00e1\u0161tore, a\u00a0ja \u010fakujem P\u00e1novi, \u017ee na\u0161e mesto po\u017eehn\u00e1va st\u00e1le lep\u0161\u00edmi k\u0148azmi, \u010di u\u017e na fare alebo v\u00a0kl\u00e1\u0161tore. A\u00a0som rada, \u017ee tohtoro\u010dn\u00e9 sl\u00e1venie bolo naozaj kr\u00e1sne. Sv\u00e4t\u00fd Franti\u0161ek, oroduj za n\u00e1s.<\/p>\n<div id='gallery-1' class='gallery galleryid-1211 gallery-columns-3 gallery-size-thumbnail'><figure class='gallery-item'>\n\t\t\t<div class='gallery-icon landscape'>\n\t\t\t\t<a href='https:\/\/frantiskanihc.sk\/klastor\/wp-content\/uploads\/2016\/10\/tranzitus-2016-1.jpg' title=\"\" data-rl_title=\"\" class=\"rl-gallery-link\" data-rl_caption=\"\" data-rel=\"rgg-gallery-1\"><img loading=\"lazy\" decoding=\"async\" width=\"128\" height=\"92\" src=\"https:\/\/frantiskanihc.sk\/klastor\/wp-content\/uploads\/2016\/10\/tranzitus-2016-1.jpg\" class=\"attachment-thumbnail size-thumbnail\" alt=\"Franti\u0161ek u\u00a0franti\u0161k\u00e1nov s franti\u0161k\u00e1nmi\" srcset=\"https:\/\/frantiskanihc.sk\/klastor\/wp-content\/uploads\/2016\/10\/tranzitus-2016-1.jpg 1400w, https:\/\/frantiskanihc.sk\/klastor\/wp-content\/uploads\/2016\/10\/tranzitus-2016-1-300x215.jpg 300w, https:\/\/frantiskanihc.sk\/klastor\/wp-content\/uploads\/2016\/10\/tranzitus-2016-1-768x550.jpg 768w\" sizes=\"auto, (max-width: 128px) 100vw, 128px\" \/><\/a>\n\t\t\t<\/div><\/figure><figure class='gallery-item'>\n\t\t\t<div class='gallery-icon landscape'>\n\t\t\t\t<a href='https:\/\/frantiskanihc.sk\/klastor\/wp-content\/uploads\/2016\/10\/tranzitus-2016-2.jpg' title=\"\" data-rl_title=\"\" class=\"rl-gallery-link\" data-rl_caption=\"\" data-rel=\"rgg-gallery-1\"><img loading=\"lazy\" decoding=\"async\" width=\"128\" height=\"85\" src=\"https:\/\/frantiskanihc.sk\/klastor\/wp-content\/uploads\/2016\/10\/tranzitus-2016-2.jpg\" class=\"attachment-thumbnail size-thumbnail\" alt=\"Franti\u0161ek u\u00a0franti\u0161k\u00e1nov s franti\u0161k\u00e1nmi\" srcset=\"https:\/\/frantiskanihc.sk\/klastor\/wp-content\/uploads\/2016\/10\/tranzitus-2016-2.jpg 1400w, https:\/\/frantiskanihc.sk\/klastor\/wp-content\/uploads\/2016\/10\/tranzitus-2016-2-300x200.jpg 300w, https:\/\/frantiskanihc.sk\/klastor\/wp-content\/uploads\/2016\/10\/tranzitus-2016-2-768x511.jpg 768w\" sizes=\"auto, (max-width: 128px) 100vw, 128px\" \/><\/a>\n\t\t\t<\/div><\/figure><figure class='gallery-item'>\n\t\t\t<div class='gallery-icon landscape'>\n\t\t\t\t<a href='https:\/\/frantiskanihc.sk\/klastor\/wp-content\/uploads\/2016\/10\/tranzitus-2016-3.jpg' title=\"\" data-rl_title=\"\" class=\"rl-gallery-link\" data-rl_caption=\"\" data-rel=\"rgg-gallery-1\"><img loading=\"lazy\" decoding=\"async\" width=\"128\" height=\"85\" src=\"https:\/\/frantiskanihc.sk\/klastor\/wp-content\/uploads\/2016\/10\/tranzitus-2016-3.jpg\" class=\"attachment-thumbnail size-thumbnail\" alt=\"Franti\u0161ek u\u00a0franti\u0161k\u00e1nov s franti\u0161k\u00e1nmi\" srcset=\"https:\/\/frantiskanihc.sk\/klastor\/wp-content\/uploads\/2016\/10\/tranzitus-2016-3.jpg 1400w, https:\/\/frantiskanihc.sk\/klastor\/wp-content\/uploads\/2016\/10\/tranzitus-2016-3-300x200.jpg 300w, https:\/\/frantiskanihc.sk\/klastor\/wp-content\/uploads\/2016\/10\/tranzitus-2016-3-768x511.jpg 768w\" sizes=\"auto, (max-width: 128px) 100vw, 128px\" \/><\/a>\n\t\t\t<\/div><\/figure><figure class='gallery-item'>\n\t\t\t<div class='gallery-icon landscape'>\n\t\t\t\t<a href='https:\/\/frantiskanihc.sk\/klastor\/wp-content\/uploads\/2016\/10\/tranzitus-2016-4.jpg' title=\"\" data-rl_title=\"\" class=\"rl-gallery-link\" data-rl_caption=\"\" data-rel=\"rgg-gallery-1\"><img loading=\"lazy\" decoding=\"async\" width=\"128\" height=\"85\" src=\"https:\/\/frantiskanihc.sk\/klastor\/wp-content\/uploads\/2016\/10\/tranzitus-2016-4.jpg\" class=\"attachment-thumbnail size-thumbnail\" alt=\"Franti\u0161ek u\u00a0franti\u0161k\u00e1nov s franti\u0161k\u00e1nmi\" srcset=\"https:\/\/frantiskanihc.sk\/klastor\/wp-content\/uploads\/2016\/10\/tranzitus-2016-4.jpg 1400w, https:\/\/frantiskanihc.sk\/klastor\/wp-content\/uploads\/2016\/10\/tranzitus-2016-4-300x200.jpg 300w, https:\/\/frantiskanihc.sk\/klastor\/wp-content\/uploads\/2016\/10\/tranzitus-2016-4-768x511.jpg 768w\" sizes=\"auto, (max-width: 128px) 100vw, 128px\" \/><\/a>\n\t\t\t<\/div><\/figure><figure class='gallery-item'>\n\t\t\t<div class='gallery-icon landscape'>\n\t\t\t\t<a href='https:\/\/frantiskanihc.sk\/klastor\/wp-content\/uploads\/2016\/10\/tranzitus-2016-5.jpg' title=\"\" data-rl_title=\"\" class=\"rl-gallery-link\" data-rl_caption=\"\" data-rel=\"rgg-gallery-1\"><img loading=\"lazy\" decoding=\"async\" width=\"128\" height=\"85\" src=\"https:\/\/frantiskanihc.sk\/klastor\/wp-content\/uploads\/2016\/10\/tranzitus-2016-5.jpg\" class=\"attachment-thumbnail size-thumbnail\" alt=\"Franti\u0161ek u\u00a0franti\u0161k\u00e1nov s franti\u0161k\u00e1nmi\" srcset=\"https:\/\/frantiskanihc.sk\/klastor\/wp-content\/uploads\/2016\/10\/tranzitus-2016-5.jpg 1400w, https:\/\/frantiskanihc.sk\/klastor\/wp-content\/uploads\/2016\/10\/tranzitus-2016-5-300x200.jpg 300w, https:\/\/frantiskanihc.sk\/klastor\/wp-content\/uploads\/2016\/10\/tranzitus-2016-5-768x511.jpg 768w\" sizes=\"auto, (max-width: 128px) 100vw, 128px\" \/><\/a>\n\t\t\t<\/div><\/figure><figure class='gallery-item'>\n\t\t\t<div class='gallery-icon landscape'>\n\t\t\t\t<a href='https:\/\/frantiskanihc.sk\/klastor\/wp-content\/uploads\/2016\/10\/tranzitus-2016-6.jpg' title=\"\" data-rl_title=\"\" class=\"rl-gallery-link\" data-rl_caption=\"\" data-rel=\"rgg-gallery-1\"><img loading=\"lazy\" decoding=\"async\" width=\"128\" height=\"85\" src=\"https:\/\/frantiskanihc.sk\/klastor\/wp-content\/uploads\/2016\/10\/tranzitus-2016-6.jpg\" class=\"attachment-thumbnail size-thumbnail\" alt=\"Franti\u0161ek u\u00a0franti\u0161k\u00e1nov s franti\u0161k\u00e1nmi\" srcset=\"https:\/\/frantiskanihc.sk\/klastor\/wp-content\/uploads\/2016\/10\/tranzitus-2016-6.jpg 1400w, https:\/\/frantiskanihc.sk\/klastor\/wp-content\/uploads\/2016\/10\/tranzitus-2016-6-300x200.jpg 300w, https:\/\/frantiskanihc.sk\/klastor\/wp-content\/uploads\/2016\/10\/tranzitus-2016-6-768x511.jpg 768w\" sizes=\"auto, (max-width: 128px) 100vw, 128px\" \/><\/a>\n\t\t\t<\/div><\/figure><figure class='gallery-item'>\n\t\t\t<div class='gallery-icon landscape'>\n\t\t\t\t<a href='https:\/\/frantiskanihc.sk\/klastor\/wp-content\/uploads\/2016\/10\/tranzitus-2016-7.jpg' title=\"\" data-rl_title=\"\" class=\"rl-gallery-link\" data-rl_caption=\"\" data-rel=\"rgg-gallery-1\"><img loading=\"lazy\" decoding=\"async\" width=\"128\" height=\"85\" src=\"https:\/\/frantiskanihc.sk\/klastor\/wp-content\/uploads\/2016\/10\/tranzitus-2016-7.jpg\" class=\"attachment-thumbnail size-thumbnail\" alt=\"Franti\u0161ek u\u00a0franti\u0161k\u00e1nov s franti\u0161k\u00e1nmi\" srcset=\"https:\/\/frantiskanihc.sk\/klastor\/wp-content\/uploads\/2016\/10\/tranzitus-2016-7.jpg 1400w, https:\/\/frantiskanihc.sk\/klastor\/wp-content\/uploads\/2016\/10\/tranzitus-2016-7-300x200.jpg 300w, https:\/\/frantiskanihc.sk\/klastor\/wp-content\/uploads\/2016\/10\/tranzitus-2016-7-768x511.jpg 768w\" sizes=\"auto, (max-width: 128px) 100vw, 128px\" \/><\/a>\n\t\t\t<\/div><\/figure><figure class='gallery-item'>\n\t\t\t<div class='gallery-icon landscape'>\n\t\t\t\t<a href='https:\/\/frantiskanihc.sk\/klastor\/wp-content\/uploads\/2016\/10\/tranzitus-2016-8.jpg' title=\"\" data-rl_title=\"\" class=\"rl-gallery-link\" data-rl_caption=\"\" data-rel=\"rgg-gallery-1\"><img loading=\"lazy\" decoding=\"async\" width=\"128\" height=\"85\" src=\"https:\/\/frantiskanihc.sk\/klastor\/wp-content\/uploads\/2016\/10\/tranzitus-2016-8.jpg\" class=\"attachment-thumbnail size-thumbnail\" alt=\"Franti\u0161ek u\u00a0franti\u0161k\u00e1nov s franti\u0161k\u00e1nmi\" srcset=\"https:\/\/frantiskanihc.sk\/klastor\/wp-content\/uploads\/2016\/10\/tranzitus-2016-8.jpg 1400w, https:\/\/frantiskanihc.sk\/klastor\/wp-content\/uploads\/2016\/10\/tranzitus-2016-8-300x200.jpg 300w, https:\/\/frantiskanihc.sk\/klastor\/wp-content\/uploads\/2016\/10\/tranzitus-2016-8-768x511.jpg 768w\" sizes=\"auto, (max-width: 128px) 100vw, 128px\" \/><\/a>\n\t\t\t<\/div><\/figure><figure class='gallery-item'>\n\t\t\t<div class='gallery-icon landscape'>\n\t\t\t\t<a href='https:\/\/frantiskanihc.sk\/klastor\/wp-content\/uploads\/2016\/10\/tranzitus-2016-9.jpg' title=\"\" data-rl_title=\"\" class=\"rl-gallery-link\" data-rl_caption=\"\" data-rel=\"rgg-gallery-1\"><img loading=\"lazy\" decoding=\"async\" width=\"128\" height=\"85\" src=\"https:\/\/frantiskanihc.sk\/klastor\/wp-content\/uploads\/2016\/10\/tranzitus-2016-9.jpg\" class=\"attachment-thumbnail size-thumbnail\" alt=\"Franti\u0161ek u\u00a0franti\u0161k\u00e1nov s franti\u0161k\u00e1nmi\" srcset=\"https:\/\/frantiskanihc.sk\/klastor\/wp-content\/uploads\/2016\/10\/tranzitus-2016-9.jpg 1400w, https:\/\/frantiskanihc.sk\/klastor\/wp-content\/uploads\/2016\/10\/tranzitus-2016-9-300x200.jpg 300w, https:\/\/frantiskanihc.sk\/klastor\/wp-content\/uploads\/2016\/10\/tranzitus-2016-9-768x511.jpg 768w\" sizes=\"auto, (max-width: 128px) 100vw, 128px\" \/><\/a>\n\t\t\t<\/div><\/figure><figure class='gallery-item'>\n\t\t\t<div class='gallery-icon landscape'>\n\t\t\t\t<a href='https:\/\/frantiskanihc.sk\/klastor\/wp-content\/uploads\/2016\/10\/tranzitus-2016-10.jpg' title=\"\" data-rl_title=\"\" class=\"rl-gallery-link\" data-rl_caption=\"\" data-rel=\"rgg-gallery-1\"><img loading=\"lazy\" decoding=\"async\" width=\"128\" height=\"85\" src=\"https:\/\/frantiskanihc.sk\/klastor\/wp-content\/uploads\/2016\/10\/tranzitus-2016-10.jpg\" class=\"attachment-thumbnail size-thumbnail\" alt=\"Franti\u0161ek u\u00a0franti\u0161k\u00e1nov s franti\u0161k\u00e1nmi\" srcset=\"https:\/\/frantiskanihc.sk\/klastor\/wp-content\/uploads\/2016\/10\/tranzitus-2016-10.jpg 1400w, https:\/\/frantiskanihc.sk\/klastor\/wp-content\/uploads\/2016\/10\/tranzitus-2016-10-300x200.jpg 300w, https:\/\/frantiskanihc.sk\/klastor\/wp-content\/uploads\/2016\/10\/tranzitus-2016-10-768x511.jpg 768w\" sizes=\"auto, (max-width: 128px) 100vw, 128px\" \/><\/a>\n\t\t\t<\/div><\/figure><figure class='gallery-item'>\n\t\t\t<div class='gallery-icon landscape'>\n\t\t\t\t<a href='https:\/\/frantiskanihc.sk\/klastor\/wp-content\/uploads\/2016\/10\/tranzitus-2016-11.jpg' title=\"\" data-rl_title=\"\" class=\"rl-gallery-link\" data-rl_caption=\"\" data-rel=\"rgg-gallery-1\"><img loading=\"lazy\" decoding=\"async\" width=\"128\" height=\"85\" src=\"https:\/\/frantiskanihc.sk\/klastor\/wp-content\/uploads\/2016\/10\/tranzitus-2016-11.jpg\" class=\"attachment-thumbnail size-thumbnail\" alt=\"Franti\u0161ek u\u00a0franti\u0161k\u00e1nov s franti\u0161k\u00e1nmi\" srcset=\"https:\/\/frantiskanihc.sk\/klastor\/wp-content\/uploads\/2016\/10\/tranzitus-2016-11.jpg 1400w, https:\/\/frantiskanihc.sk\/klastor\/wp-content\/uploads\/2016\/10\/tranzitus-2016-11-300x200.jpg 300w, https:\/\/frantiskanihc.sk\/klastor\/wp-content\/uploads\/2016\/10\/tranzitus-2016-11-768x511.jpg 768w\" sizes=\"auto, (max-width: 128px) 100vw, 128px\" \/><\/a>\n\t\t\t<\/div><\/figure><figure class='gallery-item'>\n\t\t\t<div class='gallery-icon landscape'>\n\t\t\t\t<a href='https:\/\/frantiskanihc.sk\/klastor\/wp-content\/uploads\/2016\/10\/tranzitus-2016-12.jpg' title=\"\" data-rl_title=\"\" class=\"rl-gallery-link\" data-rl_caption=\"\" data-rel=\"rgg-gallery-1\"><img loading=\"lazy\" decoding=\"async\" width=\"128\" height=\"85\" src=\"https:\/\/frantiskanihc.sk\/klastor\/wp-content\/uploads\/2016\/10\/tranzitus-2016-12.jpg\" class=\"attachment-thumbnail size-thumbnail\" alt=\"Franti\u0161ek u\u00a0franti\u0161k\u00e1nov s franti\u0161k\u00e1nmi\" srcset=\"https:\/\/frantiskanihc.sk\/klastor\/wp-content\/uploads\/2016\/10\/tranzitus-2016-12.jpg 1400w, https:\/\/frantiskanihc.sk\/klastor\/wp-content\/uploads\/2016\/10\/tranzitus-2016-12-300x200.jpg 300w, https:\/\/frantiskanihc.sk\/klastor\/wp-content\/uploads\/2016\/10\/tranzitus-2016-12-768x511.jpg 768w\" sizes=\"auto, (max-width: 128px) 100vw, 128px\" \/><\/a>\n\t\t\t<\/div><\/figure><figure class='gallery-item'>\n\t\t\t<div class='gallery-icon landscape'>\n\t\t\t\t<a href='https:\/\/frantiskanihc.sk\/klastor\/wp-content\/uploads\/2016\/10\/tranzitus-2016-13.jpg' title=\"\" data-rl_title=\"\" class=\"rl-gallery-link\" data-rl_caption=\"\" data-rel=\"rgg-gallery-1\"><img loading=\"lazy\" decoding=\"async\" width=\"128\" height=\"88\" src=\"https:\/\/frantiskanihc.sk\/klastor\/wp-content\/uploads\/2016\/10\/tranzitus-2016-13.jpg\" class=\"attachment-thumbnail size-thumbnail\" alt=\"Franti\u0161ek u\u00a0franti\u0161k\u00e1nov s franti\u0161k\u00e1nmi\" srcset=\"https:\/\/frantiskanihc.sk\/klastor\/wp-content\/uploads\/2016\/10\/tranzitus-2016-13.jpg 1400w, https:\/\/frantiskanihc.sk\/klastor\/wp-content\/uploads\/2016\/10\/tranzitus-2016-13-300x207.jpg 300w, https:\/\/frantiskanihc.sk\/klastor\/wp-content\/uploads\/2016\/10\/tranzitus-2016-13-768x530.jpg 768w\" sizes=\"auto, (max-width: 128px) 100vw, 128px\" \/><\/a>\n\t\t\t<\/div><\/figure><figure class='gallery-item'>\n\t\t\t<div class='gallery-icon landscape'>\n\t\t\t\t<a href='https:\/\/frantiskanihc.sk\/klastor\/wp-content\/uploads\/2016\/10\/tranzitus-2016-14.jpg' title=\"\" data-rl_title=\"\" class=\"rl-gallery-link\" data-rl_caption=\"\" data-rel=\"rgg-gallery-1\"><img loading=\"lazy\" decoding=\"async\" width=\"128\" height=\"85\" src=\"https:\/\/frantiskanihc.sk\/klastor\/wp-content\/uploads\/2016\/10\/tranzitus-2016-14.jpg\" class=\"attachment-thumbnail size-thumbnail\" alt=\"Franti\u0161ek u\u00a0franti\u0161k\u00e1nov s franti\u0161k\u00e1nmi\" srcset=\"https:\/\/frantiskanihc.sk\/klastor\/wp-content\/uploads\/2016\/10\/tranzitus-2016-14.jpg 1400w, https:\/\/frantiskanihc.sk\/klastor\/wp-content\/uploads\/2016\/10\/tranzitus-2016-14-300x200.jpg 300w, https:\/\/frantiskanihc.sk\/klastor\/wp-content\/uploads\/2016\/10\/tranzitus-2016-14-768x511.jpg 768w\" sizes=\"auto, (max-width: 128px) 100vw, 128px\" \/><\/a>\n\t\t\t<\/div><\/figure><figure class='gallery-item'>\n\t\t\t<div class='gallery-icon landscape'>\n\t\t\t\t<a href='https:\/\/frantiskanihc.sk\/klastor\/wp-content\/uploads\/2016\/10\/tranzitus-2016-15.jpg' title=\"\" data-rl_title=\"\" class=\"rl-gallery-link\" data-rl_caption=\"\" data-rel=\"rgg-gallery-1\"><img loading=\"lazy\" decoding=\"async\" width=\"128\" height=\"85\" src=\"https:\/\/frantiskanihc.sk\/klastor\/wp-content\/uploads\/2016\/10\/tranzitus-2016-15.jpg\" class=\"attachment-thumbnail size-thumbnail\" alt=\"Franti\u0161ek u\u00a0franti\u0161k\u00e1nov s franti\u0161k\u00e1nmi\" srcset=\"https:\/\/frantiskanihc.sk\/klastor\/wp-content\/uploads\/2016\/10\/tranzitus-2016-15.jpg 1400w, https:\/\/frantiskanihc.sk\/klastor\/wp-content\/uploads\/2016\/10\/tranzitus-2016-15-300x200.jpg 300w, https:\/\/frantiskanihc.sk\/klastor\/wp-content\/uploads\/2016\/10\/tranzitus-2016-15-768x511.jpg 768w\" sizes=\"auto, (max-width: 128px) 100vw, 128px\" \/><\/a>\n\t\t\t<\/div><\/figure>\n\t\t<\/div>\n\n","protected":false},"excerpt":{"rendered":"<p>Po sl\u00e1vnosti patr\u00f3na farnosti sv. Michala \u010dakala na\u0161u farnos\u0165 \u010fal\u0161ia oslava, tentoraz sv. Franti\u0161ka, zakladate\u013ea rehole men\u0161\u00edch bratov franti\u0161k\u00e1nov, ktor\u00ed v\u00a0Hlohovci p\u00f4sobia. Sl\u00e1venie za\u010dalo vig\u00edliou 3.okt\u00f3bra ve\u010der, kedy sa pripom\u00edna &#8230;<\/p>\n","protected":false},"author":2,"featured_media":1216,"comment_status":"closed","ping_status":"closed","sticky":false,"template":"","format":"standard","meta":{"footnotes":""},"categories":[1],"tags":[],"class_list":["post-1211","post","type-post","status-publish","format-standard","has-post-thumbnail","hentry","category-aktualne"],"_links":{"self":[{"href":"https:\/\/frantiskanihc.sk\/klastor\/wp-json\/wp\/v2\/posts\/1211","targetHints":{"allow":["GET"]}}],"collection":[{"href":"https:\/\/frantiskanihc.sk\/klastor\/wp-json\/wp\/v2\/posts"}],"about":[{"href":"https:\/\/frantiskanihc.sk\/klastor\/wp-json\/wp\/v2\/types\/post"}],"author":[{"embeddable":true,"href":"https:\/\/frantiskanihc.sk\/klastor\/wp-json\/wp\/v2\/users\/2"}],"replies":[{"embeddable":true,"href":"https:\/\/frantiskanihc.sk\/klastor\/wp-json\/wp\/v2\/comments?post=1211"}],"version-history":[{"count":4,"href":"https:\/\/frantiskanihc.sk\/klastor\/wp-json\/wp\/v2\/posts\/1211\/revisions"}],"predecessor-version":[{"id":1251,"href":"https:\/\/frantiskanihc.sk\/klastor\/wp-json\/wp\/v2\/posts\/1211\/revisions\/1251"}],"wp:featuredmedia":[{"embeddable":true,"href":"https:\/\/frantiskanihc.sk\/klastor\/wp-json\/wp\/v2\/media\/1216"}],"wp:attachment":[{"href":"https:\/\/frantiskanihc.sk\/klastor\/wp-json\/wp\/v2\/media?parent=1211"}],"wp:term":[{"taxonomy":"category","embeddable":true,"href":"https:\/\/frantiskanihc.sk\/klastor\/wp-json\/wp\/v2\/categories?post=1211"},{"taxonomy":"post_tag","embeddable":true,"href":"https:\/\/frantiskanihc.sk\/klastor\/wp-json\/wp\/v2\/tags?post=1211"}],"curies":[{"name":"wp","href":"https:\/\/api.w.org\/{rel}","templated":true}]}}